{"id":7993,"date":"2016-04-17T13:35:11","date_gmt":"2016-04-17T12:35:11","guid":{"rendered":"http:\/\/www.mokita.de\/blog\/?p=5565"},"modified":"2016-04-17T13:35:11","modified_gmt":"2016-04-17T12:35:11","slug":"audio-ich-hatte-nichts-gegen-werbung-aber-dagegen-ueberallhin-verfolgt-zu-werden-eine-erzaehlung-von-jacques-mattheij-2","status":"publish","type":"post","link":"https:\/\/mokita.de\/blog\/2016\/04\/17\/audio-ich-hatte-nichts-gegen-werbung-aber-dagegen-ueberallhin-verfolgt-zu-werden-eine-erzaehlung-von-jacques-mattheij-2\/","title":{"rendered":"Audio: Ich hatte nichts gegen Werbung, aber dagegen, \u00fcberallhin verfolgt zu werden, eine Erz\u00e4hlung von Jacques Mattheij"},"content":{"rendered":"<p>Jacques Mattheij hat eine Erz\u00e4hlung namens &#8222;<a href=\"http:\/\/jacquesmattheij.com\/trackers\">Tracker<\/a>&#8220; geschrieben, die beschreibt, was passiert, wenn Tracker in realen Welt unterwegs w\u00e4ren. iRights hat die Geschichte von Ina Goertz \u00fcbersetzen lassen und unter dem Namen &#8222;<a href=\"https:\/\/irights.info\/artikel\/ich-hatte-nichts-gegen-werbung-aber-dagegen-ueberallhin-verfolgt-zu-werden\/27132\">Ich hatte nichts gegen Werbung, aber dagegen, \u00fcberallhin verfolgt zu werden<\/a>&#8220; auf Deutsch ver\u00f6ffentlicht. Ich mochte die Erz\u00e4hlung, also habe ich um Erlaubnis gefragt und die knapp 8 Minuten eingesprochen. Danke an Jacques Mattheij, Ina Goertz und iRights.info. Der Text ist \u00fcbrigens voller Links zu noch mehr Informationen, schaut also nochmal bei iRights.info vorbei. Viel Spa\u00df!<\/p>\n<audio class=\"wp-audio-shortcode\" id=\"audio-7993-1\" preload=\"none\" style=\"width: 100%;\" controls=\"controls\"><source type=\"audio\/mpeg\" src=\"https:\/\/archive.org\/download\/FabianNeidhardt\/JacquesMattheij-IchHatteNichtsGegenWerbung.mp3?_=1\" \/><a href=\"https:\/\/archive.org\/download\/FabianNeidhardt\/JacquesMattheij-IchHatteNichtsGegenWerbung.mp3\">https:\/\/archive.org\/download\/FabianNeidhardt\/JacquesMattheij-IchHatteNichtsGegenWerbung.mp3<\/a><\/audio>\n<p><a href=\"https:\/\/archive.org\/download\/FabianNeidhardt\/JacquesMattheij-IchHatteNichtsGegenWerbung.mp3\">Jacques Mattheij -Ich hatte nichts gegen Werbung, aber dagegen, \u00fcberallhin verfolgt zu werden<\/a>\u00a0(Zum Download Rechtsklick \u201cZiel speichern unter\u2026\u201d.)<\/p>\n","protected":false},"excerpt":{"rendered":"<p>Jacques Mattheij hat eine Erz\u00e4hlung namens &#8222;Tracker&#8220; geschrieben, die beschreibt, was passiert, wenn Tracker in realen Welt unterwegs w\u00e4ren. iRights hat die Geschichte von Ina Goertz \u00fcbersetzen lassen und unter dem Namen &#8222;Ich hatte nichts gegen Werbung, aber dagegen, \u00fcberallhin verfolgt zu werden&#8220; auf Deutsch ver\u00f6ffentlicht. Ich mochte die Erz\u00e4hlung, also habe ich um Erlaubnis [&hellip;]<\/p>\n","protected":false},"author":1,"featured_media":0,"comment_status":"open","ping_status":"open","sticky":false,"template":"","format":"standard","meta":{"footnotes":""},"categories":[5,11],"tags":[89,1512,1542,1564,1595,1596,1637,3369],"class_list":["post-7993","post","type-post","status-publish","format-standard","hentry","category-podcast","category-vorlesen","tag-aber-dagegen","tag-hoerversion","tag-ich-hatte-nichts-gegen-werbung","tag-ina-goertz","tag-irights","tag-irights-info","tag-jaques-mattheij","tag-ueberallhin-verfolgt-zu-werden"],"_links":{"self":[{"href":"https:\/\/mokita.de\/blog\/wp-json\/wp\/v2\/posts\/7993","targetHints":{"allow":["GET"]}}],"collection":[{"href":"https:\/\/mokita.de\/blog\/wp-json\/wp\/v2\/posts"}],"about":[{"href":"https:\/\/mokita.de\/blog\/wp-json\/wp\/v2\/types\/post"}],"author":[{"embeddable":true,"href":"https:\/\/mokita.de\/blog\/wp-json\/wp\/v2\/users\/1"}],"replies":[{"embeddable":true,"href":"https:\/\/mokita.de\/blog\/wp-json\/wp\/v2\/comments?post=7993"}],"version-history":[{"count":0,"href":"https:\/\/mokita.de\/blog\/wp-json\/wp\/v2\/posts\/7993\/revisions"}],"wp:attachment":[{"href":"https:\/\/mokita.de\/blog\/wp-json\/wp\/v2\/media?parent=7993"}],"wp:term":[{"taxonomy":"category","embeddable":true,"href":"https:\/\/mokita.de\/blog\/wp-json\/wp\/v2\/categories?post=7993"},{"taxonomy":"post_tag","embeddable":true,"href":"https:\/\/mokita.de\/blog\/wp-json\/wp\/v2\/tags?post=7993"}],"curies":[{"name":"wp","href":"https:\/\/api.w.org\/{rel}","templated":true}]}}