{"id":6213,"date":"2018-01-07T14:21:48","date_gmt":"2018-01-07T13:21:48","guid":{"rendered":"http:\/\/www.mokita.de\/blog\/?p=6213"},"modified":"2018-01-07T14:21:48","modified_gmt":"2018-01-07T13:21:48","slug":"das-debuet-2017-meine-juryentscheidung","status":"publish","type":"post","link":"https:\/\/mokita.de\/blog\/2018\/01\/07\/das-debuet-2017-meine-juryentscheidung\/","title":{"rendered":"Das Deb\u00fct 2017: Meine Juryentscheidung"},"content":{"rendered":"<p>Schon im <a href=\"http:\/\/www.mokita.de\/blog\/2016\/12\/12\/meine-stimme-fuer-den-das-debuet-2016-bloggerpreis\/\">letzten Jahr<\/a> habe ich als Juryblogger die f\u00fcnf Romane gelesen, dies Jahr also wieder. Allein das Erstellen der\u00a0<a href=\"https:\/\/dasdebuet.com\/2017\/11\/23\/das-debuet-2017-die-shortlist\/\">Shortlist<\/a>, die vom Team von <a href=\"https:\/\/dasdebuet.com\/eine-seite\/wer-wir-sind\/\">Das Deb\u00fct<\/a> ausgefuchst wird, ist eine langwierige und mutige Aufgabe, danach liegt es in den H\u00e4nden von uns Bloggern, \u00fcber das Beste zu entscheiden. <a href=\"https:\/\/dasdebuet.com\/bloggerpreis\/teilnehmende-literaturblogger\/\">17 Menschen<\/a> mit eigener Meinung und Leseempfinden.<\/p>\n<p>Ich strebe nach Geschichten. Ich will wissen, was passiert. Sprache ist Transportmittel der Geschichte. Im besten Fall f\u00e4llt sie durch ihre Form auf, wenn sie es dem Leser besonders einfach macht, zu verstehen, was passiert. Meist ist sie unauff\u00e4llig. Wenn sie zu Wichtig wird, wenn es mehr darum geht, wie erz\u00e4hlt wird, anstatt, was erz\u00e4hlt wird, dann bin ich drau\u00dfen. So mein Normalfall. Meine pers\u00f6nliche Gewinnerin letztes Jahr &#8211; <a href=\"http:\/\/www.mokita.de\/blog\/2016\/04\/16\/roman-blauschmuck-von-katharina-winkler\/\">Blauschmuck von Katharina Winkler<\/a> &#8211; war eine strahlende Ausnahme. Dieses Jahr hat es mir die Shortlist besonders schwer gemacht.<\/p>\n<p><strong>Platz 3: <a href=\"http:\/\/www.limmatverlag.ch\/programm\/titel\/808-immer-ist-alles-schoen.html\">Immer ist alles sch\u00f6n<\/a> von Julia Weber, erschienen im Limmat Verlag.<\/strong><\/p>\n<p>Diese Geschichte eines Geschwisterpaares, die ihre Mutter vor dem Alkohol und vor den M\u00e4nnern zu bewahren suchen hat mich interessiert, ganz schockiert von dieser Welt und diesem Gef\u00fchl der Hilflosigkeit. Mit der Sprache dagegen musste ich k\u00e4mpfen. Mir zu gewollt poetisch, voller Leerstellen und Andeutungen, sie lie\u00df mich oft eher verwirrt als angereichert zur\u00fcck. Ich glaube, das kann f\u00fcr viele Leser funktionieren, f\u00fcr mich leider nicht so, wie ich es gern gehabt h\u00e4tte. Dabei war die Entscheidung zwischen diesem und Platz 2 ziemlich knapp, h\u00e4tte auch anders ausfallen k\u00f6nnen.<\/p>\n<p><strong>Platz 2: <a href=\"https:\/\/www.piper.de\/buecher\/oder-florida-isbn-978-3-492-05804-9\">Oder Florida<\/a> von Christian Bangel, erschienen im Piper Verlag.<\/strong><\/p>\n<p>Ende der 90er in Frankfurt an der Oder, Matthias ist Anfang 20 und eher links, wei\u00df noch nichts mit seinem Leben anzufangen, als er pl\u00f6tzlich Pressesprecher eines Baumillion\u00e4rs wird, der B\u00fcrgermeister werden will. Bangel erz\u00e4hlt schnell und fast zu leicht, baut 90er Atmosph\u00e4re auf und bleibt f\u00fcr mein Gef\u00fchl zu sehr darin h\u00e4ngen. Da br\u00e4uchte es mehr Geschichte, um mich l\u00e4nger interessiert zu halten.<\/p>\n<p><strong>Platz 1: <a href=\"http:\/\/www.diogenes.ch\/leser\/titel\/klaus-caesar-zehrer\/das-genie-9783257069983.html\">Das Genie<\/a> von Klaus C\u00e4sar Zehrer, erschienen bei Diogenes.<\/strong><\/p>\n<div class=\"tumblr-post\" data-href=\"https:\/\/embed.tumblr.com\/embed\/post\/t:Jf8XPotb6_SIvoVbcMZHuw\/168711491677\/v2\" data-did=\"1c16f62946d35e5ce660f3474135ac6790b1d89a\"  ><a href=\"https:\/\/www.tumblr.com\/wasuebrigbleibt\/168711491677\/er-mochte-es-nicht-wenn-eine-geschichte-nicht-zu\">https:\/\/www.tumblr.com\/wasuebrigbleibt\/168711491677\/er-mochte-es-nicht-wenn-eine-geschichte-nicht-zu<\/a><\/div>\n<p><script async src=\"https:\/\/assets.tumblr.com\/post.js?_v=38df9a6ca7436e6ca1b851b0543b9f51\"><\/script><\/p>\n<p>Ich hatte das Buch gesehen und wusste, dass ich es nicht m\u00f6gen w\u00fcrde. Mochte das Cover nicht, mochte den Klappentext nicht und mochte auch die Geschichte nicht. Die Lebensgeschichte des Wunderkindes William James Sidis kann ich auch auf <a href=\"https:\/\/de.wikipedia.org\/wiki\/William_James_Sidis\">Wikipedia<\/a> nachlesen. Dachte ich. Fing zu lesen an und blieb drin h\u00e4ngen. Wollte nicht mehr die lexikalische Kurzform, sondern wollte diesen Erz\u00e4hler, der mich vom Vater und seine Erziehungsmethode zum Sohn brachte, beide nicht sympathisch, aber so faszinierend. Zehrer hat es geschafft, mich zu unterhalten, mit einer skurrilen Geschichte, einer eigenen Sprache, hat mich dar\u00fcber hinaus dazu gebracht, \u00fcber mein eigenes Leben und sein nachzudenken. Im <a href=\"https:\/\/dasdebuet.com\/2017\/12\/12\/interview-klaus-caesar-zehrer\/\">Interview sagt Zehrer<\/a> auf die Frage, welche Autoren sein Schreiben beeinflusst haben:<\/p>\n<blockquote><p>Alle Autoren, denen es gelingt, gleichzeitig leicht und gescheit zu schreiben. Und die die M\u00fche auf sich nehmen, sich verst\u00e4ndlich auszudr\u00fccken.<\/p><\/blockquote>\n<p>Das hat Zehrer mit diesem Roman bei mir geschafft. Daf\u00fcr hat er meinen ersten Platz verdient. Ich h\u00e4tte alle f\u00fcnf Romane ohne diesen Preis nicht gelesen. Es war nicht immer einfach, aber ich bin froh, dabei zu sein.<\/p>\n","protected":false},"excerpt":{"rendered":"<p>Schon im letzten Jahr habe ich als Juryblogger die f\u00fcnf Romane gelesen, dies Jahr also wieder. Allein das Erstellen der\u00a0Shortlist, die vom Team von Das Deb\u00fct ausgefuchst wird, ist eine langwierige und mutige Aufgabe, danach liegt es in den H\u00e4nden von uns Bloggern, \u00fcber das Beste zu entscheiden. 17 Menschen mit eigener Meinung und Leseempfinden. [&hellip;]<\/p>\n","protected":false},"author":1,"featured_media":0,"comment_status":"open","ping_status":"open","sticky":false,"template":"","format":"standard","meta":{"footnotes":""},"categories":[16],"tags":[590,690,693,861,1557,1731,1839,2036,2455,2584],"class_list":["post-6213","post","type-post","status-publish","format-standard","hentry","category-empfehlungen","tag-christian-bangel","tag-das-debuet","tag-das-genie","tag-diogenes","tag-immer-ist-alles-schoen","tag-julia-weber","tag-klaus-caesar-zehrer","tag-limmat-verlag","tag-oder-florida","tag-piper-verlag"],"_links":{"self":[{"href":"https:\/\/mokita.de\/blog\/wp-json\/wp\/v2\/posts\/6213","targetHints":{"allow":["GET"]}}],"collection":[{"href":"https:\/\/mokita.de\/blog\/wp-json\/wp\/v2\/posts"}],"about":[{"href":"https:\/\/mokita.de\/blog\/wp-json\/wp\/v2\/types\/post"}],"author":[{"embeddable":true,"href":"https:\/\/mokita.de\/blog\/wp-json\/wp\/v2\/users\/1"}],"replies":[{"embeddable":true,"href":"https:\/\/mokita.de\/blog\/wp-json\/wp\/v2\/comments?post=6213"}],"version-history":[{"count":0,"href":"https:\/\/mokita.de\/blog\/wp-json\/wp\/v2\/posts\/6213\/revisions"}],"wp:attachment":[{"href":"https:\/\/mokita.de\/blog\/wp-json\/wp\/v2\/media?parent=6213"}],"wp:term":[{"taxonomy":"category","embeddable":true,"href":"https:\/\/mokita.de\/blog\/wp-json\/wp\/v2\/categories?post=6213"},{"taxonomy":"post_tag","embeddable":true,"href":"https:\/\/mokita.de\/blog\/wp-json\/wp\/v2\/tags?post=6213"}],"curies":[{"name":"wp","href":"https:\/\/api.w.org\/{rel}","templated":true}]}}