{"id":6106,"date":"2017-08-14T13:22:03","date_gmt":"2017-08-14T12:22:03","guid":{"rendered":"http:\/\/www.mokita.de\/blog\/?p=6106"},"modified":"2017-08-14T13:22:03","modified_gmt":"2017-08-14T12:22:03","slug":"was-uebrig-bleibt-ich-stellte-mir-lange-winternaechte-vor-vielleicht-unter-dem-schein-der-nordlichter-und-wie-man","status":"publish","type":"post","link":"https:\/\/mokita.de\/blog\/2017\/08\/14\/was-uebrig-bleibt-ich-stellte-mir-lange-winternaechte-vor-vielleicht-unter-dem-schein-der-nordlichter-und-wie-man\/","title":{"rendered":"Was \u00fcbrig bleibt: &quot;Ich stellte mir lange Wintern\u00e4chte vor, vielleicht unter dem Schein der Nordlichter, und wie man&#8230;&quot;"},"content":{"rendered":"<p>\u201cIch stellte mir lange Wintern\u00e4chte vor, vielleicht unter dem Schein der Nordlichter, und wie man w\u00e4hrend der fr\u00fchen Morgenstunden beieinandersa\u00df, wach im unendlichen Licht des Mittsommers, mit einem Publikum, das wissen wollte, was Thor noch alles getan habe und was es mit dem Regenboden auf sich habe, wie man sein Leben leben solle und wo schlechte Poesie herkomme.\u201d<\/p>\n<p> &#8211; <em>Nordische Mythen und Sagen &#8211; Neil Gaiman<\/em><br \/>\nOriginalpost auf <a href=\"http:\/\/ift.tt\/2uGzcc5\">&#8222;was \u00fcbrig bleibt&#8220;<\/a>, eine Sammlung unterstrichener S\u00e4tze, gefundener Worte &#038; liegengebliebener Gedanken aus B\u00fcchern, die wir lesen und lieben.<\/p>\n","protected":false},"excerpt":{"rendered":"<p>\u201cIch stellte mir lange Wintern\u00e4chte vor, vielleicht unter dem Schein der Nordlichter, und wie man w\u00e4hrend der fr\u00fchen Morgenstunden beieinandersa\u00df, wach im unendlichen Licht des Mittsommers, mit einem Publikum, das wissen wollte, was Thor noch alles getan habe und was es mit dem Regenboden auf sich habe, wie man sein Leben leben solle und wo [&hellip;]<\/p>\n","protected":false},"author":1,"featured_media":0,"comment_status":"open","ping_status":"open","sticky":false,"template":"","format":"standard","meta":{"footnotes":""},"categories":[4],"tags":[517,3535,3681],"class_list":["post-6106","post","type-post","status-publish","format-standard","hentry","category-leben","tag-bucher","tag-was-uebrig-bleibt","tag-zitate"],"_links":{"self":[{"href":"https:\/\/mokita.de\/blog\/wp-json\/wp\/v2\/posts\/6106","targetHints":{"allow":["GET"]}}],"collection":[{"href":"https:\/\/mokita.de\/blog\/wp-json\/wp\/v2\/posts"}],"about":[{"href":"https:\/\/mokita.de\/blog\/wp-json\/wp\/v2\/types\/post"}],"author":[{"embeddable":true,"href":"https:\/\/mokita.de\/blog\/wp-json\/wp\/v2\/users\/1"}],"replies":[{"embeddable":true,"href":"https:\/\/mokita.de\/blog\/wp-json\/wp\/v2\/comments?post=6106"}],"version-history":[{"count":0,"href":"https:\/\/mokita.de\/blog\/wp-json\/wp\/v2\/posts\/6106\/revisions"}],"wp:attachment":[{"href":"https:\/\/mokita.de\/blog\/wp-json\/wp\/v2\/media?parent=6106"}],"wp:term":[{"taxonomy":"category","embeddable":true,"href":"https:\/\/mokita.de\/blog\/wp-json\/wp\/v2\/categories?post=6106"},{"taxonomy":"post_tag","embeddable":true,"href":"https:\/\/mokita.de\/blog\/wp-json\/wp\/v2\/tags?post=6106"}],"curies":[{"name":"wp","href":"https:\/\/api.w.org\/{rel}","templated":true}]}}