{"id":5199,"date":"2015-05-18T11:57:48","date_gmt":"2015-05-18T10:57:48","guid":{"rendered":"http:\/\/www.mokita.de\/blog\/?p=5199"},"modified":"2015-05-18T11:57:48","modified_gmt":"2015-05-18T10:57:48","slug":"goethe-schiller-und-ich-am-see","status":"publish","type":"post","link":"https:\/\/mokita.de\/blog\/2015\/05\/18\/goethe-schiller-und-ich-am-see\/","title":{"rendered":"Goethe, Schiller und ich am See"},"content":{"rendered":"<p><img decoding=\"async\" class=\"aligncenter lazyload\" data-src=\"http:\/\/fs2.directupload.net\/images\/150517\/q8bfunxe.png\" alt=\"\" width=\"693\" height=\"727\" src=\"data:image\/svg+xml;base64,PHN2ZyB3aWR0aD0iMSIgaGVpZ2h0PSIxIiB4bWxucz0iaHR0cDovL3d3dy53My5vcmcvMjAwMC9zdmciPjwvc3ZnPg==\" style=\"--smush-placeholder-width: 693px; --smush-placeholder-aspect-ratio: 693\/727;\" \/><\/p>\n<p>Endlich mal mit Goethe und Schiller in einer Reihe stehen. Unter dem <a href=\"http:\/\/www.kunstraeume-am-see.de\/veranstaltungen\/schiller-slamt-am-see-oder-die-jugend-von-damals-ist-die-jugend-von-heute\/\" target=\"_blank\" rel=\"noopener\">Titel Schiller slamt am See<\/a> veranstalten die Kunstr\u00e4ume am See einen Abend, an dem die Schauspielerin und Sprecherin <a href=\"http:\/\/www.kunstraeume-am-see.de\/kuenstler_innen\/laura-maire\/\" target=\"_blank\" rel=\"noopener\">Laure Maire<\/a> Texte von St\u00fcrmern und Dr\u00e4ngern und Texte von Slam Poeten vortr\u00e4gt. Unter anderem von mir. Yeai!<\/p>\n<p>Ich werde leider nicht dabei sein k\u00f6nnen, w\u00fcnsche aber jedem viel Spa\u00df!<\/p>\n","protected":false},"excerpt":{"rendered":"<p>Endlich mal mit Goethe und Schiller in einer Reihe stehen. Unter dem Titel Schiller slamt am See veranstalten die Kunstr\u00e4ume am See einen Abend, an dem die Schauspielerin und Sprecherin Laure Maire Texte von St\u00fcrmern und Dr\u00e4ngern und Texte von Slam Poeten vortr\u00e4gt. Unter anderem von mir. Yeai! Ich werde leider nicht dabei sein k\u00f6nnen, [&hellip;]<\/p>\n","protected":false},"author":1,"featured_media":0,"comment_status":"open","ping_status":"open","sticky":false,"template":"","format":"standard","meta":{"footnotes":""},"categories":[4],"tags":[],"class_list":["post-5199","post","type-post","status-publish","format-standard","hentry","category-leben"],"_links":{"self":[{"href":"https:\/\/mokita.de\/blog\/wp-json\/wp\/v2\/posts\/5199","targetHints":{"allow":["GET"]}}],"collection":[{"href":"https:\/\/mokita.de\/blog\/wp-json\/wp\/v2\/posts"}],"about":[{"href":"https:\/\/mokita.de\/blog\/wp-json\/wp\/v2\/types\/post"}],"author":[{"embeddable":true,"href":"https:\/\/mokita.de\/blog\/wp-json\/wp\/v2\/users\/1"}],"replies":[{"embeddable":true,"href":"https:\/\/mokita.de\/blog\/wp-json\/wp\/v2\/comments?post=5199"}],"version-history":[{"count":0,"href":"https:\/\/mokita.de\/blog\/wp-json\/wp\/v2\/posts\/5199\/revisions"}],"wp:attachment":[{"href":"https:\/\/mokita.de\/blog\/wp-json\/wp\/v2\/media?parent=5199"}],"wp:term":[{"taxonomy":"category","embeddable":true,"href":"https:\/\/mokita.de\/blog\/wp-json\/wp\/v2\/categories?post=5199"},{"taxonomy":"post_tag","embeddable":true,"href":"https:\/\/mokita.de\/blog\/wp-json\/wp\/v2\/tags?post=5199"}],"curies":[{"name":"wp","href":"https:\/\/api.w.org\/{rel}","templated":true}]}}