{"id":5079,"date":"2015-02-26T18:12:03","date_gmt":"2015-02-26T17:12:03","guid":{"rendered":"http:\/\/www.mokita.de\/blog\/?p=5079"},"modified":"2015-02-26T18:12:03","modified_gmt":"2015-02-26T17:12:03","slug":"was-uebrig-bleibt-dort-sei-es-einfach-perfekt-weil-da-beides-zusammenkomme-die-natur-und-die-stadt-der-wald-und-die","status":"publish","type":"post","link":"https:\/\/mokita.de\/blog\/2015\/02\/26\/was-uebrig-bleibt-dort-sei-es-einfach-perfekt-weil-da-beides-zusammenkomme-die-natur-und-die-stadt-der-wald-und-die\/","title":{"rendered":"Was \u00fcbrig bleibt: &quot;Dort sei es einfach perfekt, weil da beides zusammenkomme, die Natur und die Stadt, der Wald und die&#8230;&quot;"},"content":{"rendered":"<p>\u201cDort sei es einfach perfekt, weil da beides zusammenkomme, die Natur und die Stadt, der Wald und die Menschen, der Sommer und das Wasser, da w\u00fcrde dann auch meist irgendjemand Musik machen und in solchen Momenten, sie m\u00fcsse es einfach sagen, da lebe sie die Stadt, wie sie sie liebe.\u201d<\/p>\n<p> &#8211; <em>Das Rauschen der Welt &#8211;\u00a0Magdalena Schrefel<\/em><br \/>\nOriginalpost auf &#8222;was \u00fcbrig bleibt&#8220; http:\/\/ift.tt\/1EuQ4Ua<br \/><i>&#8222;was \u00fcbrig bleibt&#8220; ist eine Sammlung, sind unterstrichene S\u00e4tze, gefundene Worte &#038; liegengebliebene Gedanken aus B\u00fcchern, die wir lesen und lieben.<\/i><\/p>\n","protected":false},"excerpt":{"rendered":"<p>\u201cDort sei es einfach perfekt, weil da beides zusammenkomme, die Natur und die Stadt, der Wald und die Menschen, der Sommer und das Wasser, da w\u00fcrde dann auch meist irgendjemand Musik machen und in solchen Momenten, sie m\u00fcsse es einfach sagen, da lebe sie die Stadt, wie sie sie liebe.\u201d &#8211; Das Rauschen der Welt [&hellip;]<\/p>\n","protected":false},"author":1,"featured_media":0,"comment_status":"open","ping_status":"open","sticky":false,"template":"","format":"standard","meta":{"footnotes":""},"categories":[4],"tags":[517,3681],"class_list":["post-5079","post","type-post","status-publish","format-standard","hentry","category-leben","tag-bucher","tag-zitate"],"_links":{"self":[{"href":"https:\/\/mokita.de\/blog\/wp-json\/wp\/v2\/posts\/5079","targetHints":{"allow":["GET"]}}],"collection":[{"href":"https:\/\/mokita.de\/blog\/wp-json\/wp\/v2\/posts"}],"about":[{"href":"https:\/\/mokita.de\/blog\/wp-json\/wp\/v2\/types\/post"}],"author":[{"embeddable":true,"href":"https:\/\/mokita.de\/blog\/wp-json\/wp\/v2\/users\/1"}],"replies":[{"embeddable":true,"href":"https:\/\/mokita.de\/blog\/wp-json\/wp\/v2\/comments?post=5079"}],"version-history":[{"count":0,"href":"https:\/\/mokita.de\/blog\/wp-json\/wp\/v2\/posts\/5079\/revisions"}],"wp:attachment":[{"href":"https:\/\/mokita.de\/blog\/wp-json\/wp\/v2\/media?parent=5079"}],"wp:term":[{"taxonomy":"category","embeddable":true,"href":"https:\/\/mokita.de\/blog\/wp-json\/wp\/v2\/categories?post=5079"},{"taxonomy":"post_tag","embeddable":true,"href":"https:\/\/mokita.de\/blog\/wp-json\/wp\/v2\/tags?post=5079"}],"curies":[{"name":"wp","href":"https:\/\/api.w.org\/{rel}","templated":true}]}}