{"id":4594,"date":"2013-11-25T15:30:49","date_gmt":"2013-11-25T14:30:49","guid":{"rendered":"http:\/\/www.mokita.de\/blog\/?p=4594"},"modified":"2013-11-25T15:30:49","modified_gmt":"2013-11-25T14:30:49","slug":"am-22-maerz-2014-ist-indiebookday","status":"publish","type":"post","link":"https:\/\/mokita.de\/blog\/2013\/11\/25\/am-22-maerz-2014-ist-indiebookday\/","title":{"rendered":"Am 22. M\u00e4rz 2014 ist Indiebookday!"},"content":{"rendered":"<p><img decoding=\"async\" class=\"aligncenter lazyload\" alt=\"\" data-src=\"http:\/\/i.imagebanana.com\/img\/0eetn53p\/schriftzug_und_stern_klein.png\" width=\"908\" height=\"220\" src=\"data:image\/svg+xml;base64,PHN2ZyB3aWR0aD0iMSIgaGVpZ2h0PSIxIiB4bWxucz0iaHR0cDovL3d3dy53My5vcmcvMjAwMC9zdmciPjwvc3ZnPg==\" style=\"--smush-placeholder-width: 908px; --smush-placeholder-aspect-ratio: 908\/220;\" \/><\/p>\n<p>Auch in diesem Jahr gibt es einen <a title=\"Am 23. M\u00e4rz ist Indiebookday. Am 16. M\u00e4rz auch.\" href=\"http:\/\/www.mokita.de\/blog\/2013\/02\/13\/am-23-februar-ist-indiebookday-am-16-marz-auch\/\">Indiebookday<\/a>!<\/p>\n<div id=\"cc-m-7498852194\">\n<blockquote>\n<h2 id=\"cc-m-header-7498852194\">Was ist der Indiebookday?<\/h2>\n<\/blockquote>\n<\/div>\n<blockquote>\n<div id=\"cc-m-7220740294\">\n<p>Ihr liebt sch\u00f6ne B\u00fccher.<\/p>\n<p>Am Indiebookday k\u00f6nnt Ihr das allen zeigen. Es geht ganz einfach:<\/p>\n<\/div>\n<\/blockquote>\n<div id=\"cc-m-7220743494\">\n<blockquote><p>Geht am 22.03.2014 in einen Buchladen Eurer Wahl und kauft Euch ein Buch. Irgendeines, das Ihr sowieso gerade haben m\u00f6chtet. Wichtig ist nur: Es sollte aus einem unabh\u00e4ngigen\/kleinen\/Indie-Verlag stammen (Was Indie-Verlage sind, wird z.B.\u00a0<a href=\"http:\/\/www.sinnundverstand.net\/2013\/02\/13\/indiebookday-was-sind-unabhaengige-verlage\/\" target=\"_blank\" rel=\"noopener\">hier<\/a>\u00a0erkl\u00e4rt).<\/p>\n<p>Danach postet Ihr ein Foto des Covers, des Buches, oder Euch mit dem Buch (oder wie Ihr m\u00f6chtet) in einem sozialen Netzwerk (Facebook, Twitter, Google+) oder einem Blog Eurer Wahl mit &#8222;#Indiebookday&#8220;. Wenn Ihr die Aktion gut findet, erz\u00e4hlt davon.<\/p>\n<p>Der erste Indiebookday 2013 bekam in den deutschsprachigen L\u00e4ndern gro\u00dfe Aufmerksamkeit. 2014 wird der Indiebookday international.<\/p>\n<p><span style=\"font-size: 1.5em; line-height: 1.5;\">Zum Hintergrund<\/span><\/p><\/blockquote>\n<\/div>\n<div id=\"cc-m-7220768994\">\n<blockquote><p>Es gibt viele kleine tolle Verlage, die mit viel Herzblut und Leidenschaft sch\u00f6ne B\u00fccher machen. Aber nicht immer finden die B\u00fccher ihren Weg zu den Lesern. Der Indiebookday kann da f\u00fcr ein bisschen Aufmerksamkeit sorgen.<\/p><\/blockquote>\n<p>Ich mag das sehr, besonders, weil ich ja selbst\u00a0<a title=\"Das Leben ist ein Erdbeben und ich stehe neben dem T\u00fcrrahmen. Der Roman.\" href=\"http:\/\/www.mokita.de\/blog\/texte\/das-leben-ist-ein-erdbeben\/\" target=\"_blank\" rel=\"noopener\">Indie-Autor<\/a>\u00a0bin. Ich werde euch beizeiten nochmal daran erinnern.<\/p>\n<\/div>\n","protected":false},"excerpt":{"rendered":"<p>Auch in diesem Jahr gibt es einen Indiebookday! Was ist der Indiebookday? Ihr liebt sch\u00f6ne B\u00fccher. Am Indiebookday k\u00f6nnt Ihr das allen zeigen. Es geht ganz einfach: Geht am 22.03.2014 in einen Buchladen Eurer Wahl und kauft Euch ein Buch. Irgendeines, das Ihr sowieso gerade haben m\u00f6chtet. Wichtig ist nur: Es sollte aus einem unabh\u00e4ngigen\/kleinen\/Indie-Verlag [&hellip;]<\/p>\n","protected":false},"author":1,"featured_media":0,"comment_status":"open","ping_status":"open","sticky":false,"template":"","format":"standard","meta":{"footnotes":""},"categories":[16],"tags":[1573],"class_list":["post-4594","post","type-post","status-publish","format-standard","hentry","category-empfehlungen","tag-indiebookday"],"_links":{"self":[{"href":"https:\/\/mokita.de\/blog\/wp-json\/wp\/v2\/posts\/4594","targetHints":{"allow":["GET"]}}],"collection":[{"href":"https:\/\/mokita.de\/blog\/wp-json\/wp\/v2\/posts"}],"about":[{"href":"https:\/\/mokita.de\/blog\/wp-json\/wp\/v2\/types\/post"}],"author":[{"embeddable":true,"href":"https:\/\/mokita.de\/blog\/wp-json\/wp\/v2\/users\/1"}],"replies":[{"embeddable":true,"href":"https:\/\/mokita.de\/blog\/wp-json\/wp\/v2\/comments?post=4594"}],"version-history":[{"count":0,"href":"https:\/\/mokita.de\/blog\/wp-json\/wp\/v2\/posts\/4594\/revisions"}],"wp:attachment":[{"href":"https:\/\/mokita.de\/blog\/wp-json\/wp\/v2\/media?parent=4594"}],"wp:term":[{"taxonomy":"category","embeddable":true,"href":"https:\/\/mokita.de\/blog\/wp-json\/wp\/v2\/categories?post=4594"},{"taxonomy":"post_tag","embeddable":true,"href":"https:\/\/mokita.de\/blog\/wp-json\/wp\/v2\/tags?post=4594"}],"curies":[{"name":"wp","href":"https:\/\/api.w.org\/{rel}","templated":true}]}}