{"id":4344,"date":"2013-04-11T17:23:26","date_gmt":"2013-04-11T16:23:26","guid":{"rendered":"http:\/\/www.mokita.de\/blog\/?p=4344"},"modified":"2013-04-11T17:23:26","modified_gmt":"2013-04-11T16:23:26","slug":"poetry-slam-am-samstag-in-baden-baden-und-dead-or-alive-slam-am-4-5-in-pforzheim","status":"publish","type":"post","link":"https:\/\/mokita.de\/blog\/2013\/04\/11\/poetry-slam-am-samstag-in-baden-baden-und-dead-or-alive-slam-am-4-5-in-pforzheim\/","title":{"rendered":"Poetry: Slam am Samstag in Baden-Baden und Dead or Alive Slam am 4.5. in Pforzheim"},"content":{"rendered":"<p>Es scheint, als habe ich vor l\u00e4ngerem schon meine Zusage f\u00fcr den Slam in Baden-Baden am Samstag gegeben. Also werde ich am Samstag in Baden-Baden sein. Sch\u00f6n! Letztes Mal in Baden-Baden war hatte ich einen tollen Slam und gute Menschen kennengelernt. Ich freue mich sehr auf dieses Mal und werde auch ein paar Exemplare meines <a href=\"http:\/\/www.mokita.de\/blog\/texte\/das-leben-ist-ein-erdbeben\/\" target=\"_blank\" rel=\"noopener\">Romanes<\/a> dabei haben.<\/p>\n<p><strong>In Kurz:<\/strong><\/p>\n<p><strong>13.04.2013 ab 19:00 Uhr: <a href=\"https:\/\/www.facebook.com\/events\/165035743651119\/\" target=\"_blank\" rel=\"noopener\">Art Bankett Poetry Slam<\/a> in Baden-Baden<\/strong><\/p>\n<p>Weiter geht es dann am 4.05. in Pforzheim. Das wird das zehnj\u00e4hrige Jubil\u00e4um des Goldstadtslams. Und da ich seit dem ersten Slam dabei bin, werde ich auch dort dabei sein. Die Besonderheit dieses Mal: Es wird ein Dead or Alive Slam. <a href=\"http:\/\/kupferdaechle.de\/component\/content\/article\/48-konzerte\/highlights\/445-16-03-2013-poetry-slam\" target=\"_blank\" rel=\"noopener\">Hei\u00dft<\/a>:<\/p>\n<blockquote><p>Wie gewohnt treten mehrere Poeten gegeneinander an und werden vom Publikum als Jury bewertet. Diesmal besteht allerdings die H\u00e4lfte der Teilnehmer aus aktuellen Slammern und die anderen interpretieren Texte von bereits gestorbenen Poeten neu. Es gibt demnach zwei Gruppen, bestehend aus einerseits \u201ealive&#8220; Slammern und andererseits \u201edead&#8220; Slammern, welche als Team antreten.<\/p><\/blockquote>\n<p>Und ich bin toter Slammer dabei. Rilke werde ich verk\u00f6rpern. Aber kommt vorbei und seht selbst! Und B\u00fccher werde ich auch dabei haben.<\/p>\n<p><strong>In Kurz:\u00a0<\/strong><\/p>\n<p><strong>04.05.2013 ab 20:00 Uhr: <a href=\"http:\/\/kupferdaechle.de\/component\/content\/article\/48-konzerte\/highlights\/445-16-03-2013-poetry-slam\" target=\"_blank\" rel=\"noopener\">Jubil\u00e4ums Dead or Alive Slam<\/a> in Pforzheim. Eintritt ist frei.<\/strong><\/p>\n<p>Ich freue mich!<\/p>\n<p>&nbsp;<\/p>\n","protected":false},"excerpt":{"rendered":"<p>Es scheint, als habe ich vor l\u00e4ngerem schon meine Zusage f\u00fcr den Slam in Baden-Baden am Samstag gegeben. Also werde ich am Samstag in Baden-Baden sein. Sch\u00f6n! Letztes Mal in Baden-Baden war hatte ich einen tollen Slam und gute Menschen kennengelernt. Ich freue mich sehr auf dieses Mal und werde auch ein paar Exemplare meines [&hellip;]<\/p>\n","protected":false},"author":1,"featured_media":0,"comment_status":"open","ping_status":"open","sticky":false,"template":"","format":"standard","meta":{"footnotes":""},"categories":[4],"tags":[321,749,2559,2601],"class_list":["post-4344","post","type-post","status-publish","format-standard","hentry","category-leben","tag-baden-baden","tag-dead-or-alive-slam","tag-pforzheim","tag-poetry-slam"],"_links":{"self":[{"href":"https:\/\/mokita.de\/blog\/wp-json\/wp\/v2\/posts\/4344","targetHints":{"allow":["GET"]}}],"collection":[{"href":"https:\/\/mokita.de\/blog\/wp-json\/wp\/v2\/posts"}],"about":[{"href":"https:\/\/mokita.de\/blog\/wp-json\/wp\/v2\/types\/post"}],"author":[{"embeddable":true,"href":"https:\/\/mokita.de\/blog\/wp-json\/wp\/v2\/users\/1"}],"replies":[{"embeddable":true,"href":"https:\/\/mokita.de\/blog\/wp-json\/wp\/v2\/comments?post=4344"}],"version-history":[{"count":0,"href":"https:\/\/mokita.de\/blog\/wp-json\/wp\/v2\/posts\/4344\/revisions"}],"wp:attachment":[{"href":"https:\/\/mokita.de\/blog\/wp-json\/wp\/v2\/media?parent=4344"}],"wp:term":[{"taxonomy":"category","embeddable":true,"href":"https:\/\/mokita.de\/blog\/wp-json\/wp\/v2\/categories?post=4344"},{"taxonomy":"post_tag","embeddable":true,"href":"https:\/\/mokita.de\/blog\/wp-json\/wp\/v2\/tags?post=4344"}],"curies":[{"name":"wp","href":"https:\/\/api.w.org\/{rel}","templated":true}]}}