{"id":4293,"date":"2013-02-13T19:32:49","date_gmt":"2013-02-13T18:32:49","guid":{"rendered":"http:\/\/www.mokita.de\/blog\/?p=4293"},"modified":"2013-02-13T19:32:49","modified_gmt":"2013-02-13T18:32:49","slug":"am-23-februar-ist-indiebookday-am-16-marz-auch","status":"publish","type":"post","link":"https:\/\/mokita.de\/blog\/2013\/02\/13\/am-23-februar-ist-indiebookday-am-16-marz-auch\/","title":{"rendered":"Am 23. M\u00e4rz ist Indiebookday. Am 16. M\u00e4rz auch."},"content":{"rendered":"<p>Sch\u00f6ne Aktion vom <a href=\"http:\/\/www.mairisch.de\/\" target=\"_blank\" rel=\"noopener\">Mairisch-Verlag<\/a>:<\/p>\n<p style=\"text-align: center;\"><a href=\"http:\/\/www.indiebookday.de\/\" target=\"_blank\" rel=\"noopener\"><img decoding=\"async\" class=\"aligncenter lazyload\" alt=\"\" data-src=\"http:\/\/s1.directupload.net\/images\/user\/140129\/2fbln69r.gif\" width=\"640\" height=\"155\" src=\"data:image\/svg+xml;base64,PHN2ZyB3aWR0aD0iMSIgaGVpZ2h0PSIxIiB4bWxucz0iaHR0cDovL3d3dy53My5vcmcvMjAwMC9zdmciPjwvc3ZnPg==\" style=\"--smush-placeholder-width: 640px; --smush-placeholder-aspect-ratio: 640\/155;\" \/><\/a><\/p>\n<div>\n<blockquote>\n<h1>Am 23. M\u00e4rz 2013 ist Indiebookday!<\/h1>\n<\/blockquote>\n<\/div>\n<blockquote>\n<div>\n<p>Ihr liebt sch\u00f6ne B\u00fccher.<\/p>\n<p>Am 23.03.2013 k\u00f6nnt Ihr das allen zeigen. Es geht ganz einfach:<\/p>\n<\/div>\n<div>\n<h2>Wie funktioniert&#8217;s?<\/h2>\n<\/div>\n<div>\n<p>Geht am 23.03.2013 in einen Buchladen Eurer Wahl und kauft Euch ein Buch. Irgendeines, das Ihr sowieso gerade haben m\u00f6chtet.<\/p>\n<p>Hauptsache ist: Es stammt aus einem unabh\u00e4ngigen\/kleinen\/Indie-Verlag.<\/p>\n<p>&nbsp;<\/p>\n<p>Danach postet Ihr ein Foto des Covers, des Buches, oder Euch mit dem Buch (oder wie Ihr m\u00f6chtet) in einem sozialen Netzwerk (Facebook, Twitter, Google+) oder einem Blog Eurer Wahl unter dem Stichwort &#8222;Indiebookday&#8220;. Wenn Ihr die Aktion gut findet, erz\u00e4hlt davon.<\/p>\n<p>&nbsp;<\/p>\n<\/div>\n<div>\n<h2>Zum Hintergrund<\/h2>\n<\/div>\n<div>\n<p>Es gibt viele kleine tolle Verlage, die mit viel Herzblut und Leidenschaft sch\u00f6ne B\u00fccher machen. Aber nicht immer finden die B\u00fccher ihren Weg zu den Lesern. Der Indiebookday kann da f\u00fcr ein bisschen Aufmerksamkeit sorgen.<\/p>\n<p>&nbsp;<\/p>\n<\/div>\n<div>\n<h2>Weiterlesen:<\/h2>\n<\/div>\n<\/blockquote>\n<div>\n<blockquote><p><a href=\"http:\/\/www.facebook.com\/events\/508653629173340\" target=\"_blank\" rel=\"noopener\">Indiebookday bei Facebook<\/a><\/p>\n<p>&nbsp;<\/p><\/blockquote>\n<p>Ich mag das sehr, besonders, weil ich ja selbst <a title=\"Das Leben ist ein Erdbeben und ich stehe neben dem T\u00fcrrahmen. Der Roman.\" href=\"http:\/\/www.mokita.de\/blog\/texte\/das-leben-ist-ein-erdbeben\/\" target=\"_blank\" rel=\"noopener\">Indie-Autor<\/a> bin. Aber warum nimmt man den 23. Februar und h\u00e4ngt sich nicht an den englischen <a href=\"http:\/\/indiebookday.com\/\" target=\"_blank\" rel=\"noopener\">Indie Book Day<\/a> am 16. M\u00e4rz dran? Gleiche Idee (wahrscheinlich sogar die Vorlage), nur eben ein bisschen sp\u00e4ter. H\u00e4tte man den gleichen Tag genommen, h\u00e4tte man das Ganze ja internationaler aufbauen k\u00f6nnen. Schade. Dennoch: Tolle Aktion! Mitmachen!<\/p>\n<p>UPDATE: Laut Isabel laut <a href=\"http:\/\/lovegermanbooks.blogspot.de\/2013\/02\/indiebookday-indie-book-day.html\">Katy<\/a> wussten die Leute vom Mairisch-Verlag tats\u00e4chlich nichts vom amerikanischen Equivalent. Und Daniel vom Mairisch-Verlag f\u00fcgt <a href=\"http:\/\/isabelbogdan.de\/2013\/02\/13\/indiebookday\/#comments\" target=\"_blank\" rel=\"noopener\">hinzu<\/a>, dass der 16. wegen der Buchmesse in Leipzig nicht gerade der beste Tag f\u00fcr so eine Buchaktion ist.<\/p>\n<p>via <a href=\"http:\/\/isabelbogdan.de\/2013\/02\/13\/indiebookday\/\" target=\"_blank\" rel=\"noopener\">Isabel Bogdan<\/a> und <a href=\"http:\/\/wasmitbuechern.de\/index.php\/2013\/02\/12\/aktion-zugunsten-unabhangiger-verlage-am-23-marz-2013-ist-indiebookday\/\" target=\"_blank\" rel=\"noopener\">Ich mach was mit B\u00fcchern<\/a><\/p>\n<\/div>\n","protected":false},"excerpt":{"rendered":"<p>Sch\u00f6ne Aktion vom Mairisch-Verlag: Am 23. M\u00e4rz 2013 ist Indiebookday! Ihr liebt sch\u00f6ne B\u00fccher. Am 23.03.2013 k\u00f6nnt Ihr das allen zeigen. Es geht ganz einfach: Wie funktioniert&#8217;s? Geht am 23.03.2013 in einen Buchladen Eurer Wahl und kauft Euch ein Buch. Irgendeines, das Ihr sowieso gerade haben m\u00f6chtet. Hauptsache ist: Es stammt aus einem unabh\u00e4ngigen\/kleinen\/Indie-Verlag. &nbsp; [&hellip;]<\/p>\n","protected":false},"author":1,"featured_media":0,"comment_status":"open","ping_status":"open","sticky":false,"template":"","format":"standard","meta":{"footnotes":""},"categories":[4],"tags":[64,1570,1573],"class_list":["post-4293","post","type-post","status-publish","format-standard","hentry","category-leben","tag-23-marz","tag-indie-book-day","tag-indiebookday"],"_links":{"self":[{"href":"https:\/\/mokita.de\/blog\/wp-json\/wp\/v2\/posts\/4293","targetHints":{"allow":["GET"]}}],"collection":[{"href":"https:\/\/mokita.de\/blog\/wp-json\/wp\/v2\/posts"}],"about":[{"href":"https:\/\/mokita.de\/blog\/wp-json\/wp\/v2\/types\/post"}],"author":[{"embeddable":true,"href":"https:\/\/mokita.de\/blog\/wp-json\/wp\/v2\/users\/1"}],"replies":[{"embeddable":true,"href":"https:\/\/mokita.de\/blog\/wp-json\/wp\/v2\/comments?post=4293"}],"version-history":[{"count":0,"href":"https:\/\/mokita.de\/blog\/wp-json\/wp\/v2\/posts\/4293\/revisions"}],"wp:attachment":[{"href":"https:\/\/mokita.de\/blog\/wp-json\/wp\/v2\/media?parent=4293"}],"wp:term":[{"taxonomy":"category","embeddable":true,"href":"https:\/\/mokita.de\/blog\/wp-json\/wp\/v2\/categories?post=4293"},{"taxonomy":"post_tag","embeddable":true,"href":"https:\/\/mokita.de\/blog\/wp-json\/wp\/v2\/tags?post=4293"}],"curies":[{"name":"wp","href":"https:\/\/api.w.org\/{rel}","templated":true}]}}