{"id":3649,"date":"2012-01-14T18:47:30","date_gmt":"2012-01-14T17:47:30","guid":{"rendered":"http:\/\/www.mokita.de\/blog\/?p=3649"},"modified":"2012-01-14T18:47:30","modified_gmt":"2012-01-14T17:47:30","slug":"ich-habe-gestern-unseren-bus-verkauft","status":"publish","type":"post","link":"https:\/\/mokita.de\/blog\/2012\/01\/14\/ich-habe-gestern-unseren-bus-verkauft\/","title":{"rendered":"Ich habe gestern unseren Bus verkauft."},"content":{"rendered":"<p><img decoding=\"async\" class=\"aligncenter lazyload\" data-src=\"http:\/\/img6.imagebanana.com\/img\/6hngsq27\/P1130061.JPG\" alt=\"\" width=\"640\" height=\"480\" src=\"data:image\/svg+xml;base64,PHN2ZyB3aWR0aD0iMSIgaGVpZ2h0PSIxIiB4bWxucz0iaHR0cDovL3d3dy53My5vcmcvMjAwMC9zdmciPjwvc3ZnPg==\" style=\"--smush-placeholder-width: 640px; --smush-placeholder-aspect-ratio: 640\/480;\" \/> Das ist wahrscheinlich erstmal das letzte Bild von mir und diesem Bus. Es war ja jetzt schon l\u00e4nger klar,\u00a0dass er <a href=\"http:\/\/www.mokita.de\/blog\/2011\/07\/31\/zu-verkaufen-1987er-vw-t3-wohnmobil\/\" target=\"_blank\" rel=\"noopener\">verkauft<\/a> wird, gestern Abend ist es passiert.<\/p>\n<p><img decoding=\"async\" class=\"alignright lazyload\" data-src=\"http:\/\/lightbox-photos.s3.amazonaws.com\/photos\/7a2f4dd5854945552c36f8e2924ad881_412609_lrg.jpg\" alt=\"\" width=\"324\" height=\"432\" src=\"data:image\/svg+xml;base64,PHN2ZyB3aWR0aD0iMSIgaGVpZ2h0PSIxIiB4bWxucz0iaHR0cDovL3d3dy53My5vcmcvMjAwMC9zdmciPjwvc3ZnPg==\" style=\"--smush-placeholder-width: 324px; --smush-placeholder-aspect-ratio: 324\/432;\" \/><\/p>\n<p>Nachdem wir mehr als sechs Jahre mit diesen Bus verbracht haben, ist es ein komisches Gef\u00fchl, ihn abzugeben. Wir hatten daran gedacht, ihn einfach auf eine Wiese zu stellen, ihn so zu behalten, samt aller Erinnerung. Aber ehrlich gesagt w\u00e4re das zu schade um die Lady. Sie hat noch viele gute Jahre vor sich. Das kann ich jetzt mit Gewissheit sagen, denn die beiden Jungs, die gestern vorbeigekommen sind und ihn abgeholt haben, sind genauso verr\u00fcckte Menschen, wie <a href=\"http:\/\/messenjah.de\/\" target=\"_blank\" rel=\"noopener\">wir<\/a> es sind. Und bei aller Melancholie habe ich ein sehr gutes Gef\u00fchl bei den Beiden. Sie versprachen, uns auf dem Laufenden zu halten, wie es mit dem Bus weitergeht. Wie sch\u00f6n ist das denn?<\/p>\n<p>Jetzt bleibt auf dem Parkplatz ein Umriss aus Unkraut. Wie eine Kreidelinie bei den Toten auf der Stra\u00dfe. Und Erinnerungen an extrem tolle sechs Jahre. Und nun geh ich und lasse die Tr\u00e4nen \u00fcber mein L\u00e4cheln laufen.<\/p>\n<p>&nbsp;<\/p>\n","protected":false},"excerpt":{"rendered":"<p>Das ist wahrscheinlich erstmal das letzte Bild von mir und diesem Bus. Es war ja jetzt schon l\u00e4nger klar,\u00a0dass er verkauft wird, gestern Abend ist es passiert. Nachdem wir mehr als sechs Jahre mit diesen Bus verbracht haben, ist es ein komisches Gef\u00fchl, ihn abzugeben. Wir hatten daran gedacht, ihn einfach auf eine Wiese zu [&hellip;]<\/p>\n","protected":false},"author":1,"featured_media":0,"comment_status":"open","ping_status":"open","sticky":false,"template":"","format":"standard","meta":{"footnotes":""},"categories":[17,4],"tags":[536,538,3505],"class_list":["post-3649","post","type-post","status-publish","format-standard","hentry","category-erinnerungen-leben","category-leben","tag-bulli","tag-bus","tag-vw"],"_links":{"self":[{"href":"https:\/\/mokita.de\/blog\/wp-json\/wp\/v2\/posts\/3649","targetHints":{"allow":["GET"]}}],"collection":[{"href":"https:\/\/mokita.de\/blog\/wp-json\/wp\/v2\/posts"}],"about":[{"href":"https:\/\/mokita.de\/blog\/wp-json\/wp\/v2\/types\/post"}],"author":[{"embeddable":true,"href":"https:\/\/mokita.de\/blog\/wp-json\/wp\/v2\/users\/1"}],"replies":[{"embeddable":true,"href":"https:\/\/mokita.de\/blog\/wp-json\/wp\/v2\/comments?post=3649"}],"version-history":[{"count":0,"href":"https:\/\/mokita.de\/blog\/wp-json\/wp\/v2\/posts\/3649\/revisions"}],"wp:attachment":[{"href":"https:\/\/mokita.de\/blog\/wp-json\/wp\/v2\/media?parent=3649"}],"wp:term":[{"taxonomy":"category","embeddable":true,"href":"https:\/\/mokita.de\/blog\/wp-json\/wp\/v2\/categories?post=3649"},{"taxonomy":"post_tag","embeddable":true,"href":"https:\/\/mokita.de\/blog\/wp-json\/wp\/v2\/tags?post=3649"}],"curies":[{"name":"wp","href":"https:\/\/api.w.org\/{rel}","templated":true}]}}