{"id":2690,"date":"2011-03-14T11:22:50","date_gmt":"2011-03-14T10:22:50","guid":{"rendered":"http:\/\/www.mokita.de\/blog\/?p=2690"},"modified":"2011-03-14T11:22:50","modified_gmt":"2011-03-14T10:22:50","slug":"baume-im-marz-2011-jahr-2","status":"publish","type":"post","link":"https:\/\/mokita.de\/blog\/2011\/03\/14\/baume-im-marz-2011-jahr-2\/","title":{"rendered":"B\u00e4ume im M\u00e4rz 2011 \/ Jahr 2"},"content":{"rendered":"<figure style=\"width: 540px\" class=\"wp-caption aligncenter\"><img decoding=\"async\" data-src=\"http:\/\/img6.imagebanana.com\/img\/h84jabar\/IMG_20110314_105918.jpg\" alt=\"Yea, Ginko lebt wieder.\" width=\"540\" height=\"405\" src=\"data:image\/svg+xml;base64,PHN2ZyB3aWR0aD0iMSIgaGVpZ2h0PSIxIiB4bWxucz0iaHR0cDovL3d3dy53My5vcmcvMjAwMC9zdmciPjwvc3ZnPg==\" class=\"lazyload\" style=\"--smush-placeholder-width: 540px; --smush-placeholder-aspect-ratio: 540\/405;\" \/><figcaption class=\"wp-caption-text\">Yea, Ginko lebt wieder.<\/figcaption><\/figure>\n<p>Der Kaffee ist entsorgt. Der Fr\u00fchling schaut ab und an zum Fenster rein und hat aus dem Ginko wieder ein paar Bl\u00e4tter gekitzelt. Die anderen beiden T\u00f6pfe scheinen unver\u00e4ndert.<\/p>\n<p>Eine gute Nachricht aber ist: Vor rund zwei Jahren haben die Apfel\/Zitronen\/Orangenb\u00e4umchen ihr erstes Foto bekommen. Und sie leben noch! In meinem Daumen scheint doch ein wenig Gr\u00fcn zu stecken.<\/p>\n","protected":false},"excerpt":{"rendered":"<p>Der Kaffee ist entsorgt. Der Fr\u00fchling schaut ab und an zum Fenster rein und hat aus dem Ginko wieder ein paar Bl\u00e4tter gekitzelt. Die anderen beiden T\u00f6pfe scheinen unver\u00e4ndert. Eine gute Nachricht aber ist: Vor rund zwei Jahren haben die Apfel\/Zitronen\/Orangenb\u00e4umchen ihr erstes Foto bekommen. Und sie leben noch! In meinem Daumen scheint doch ein [&hellip;]<\/p>\n","protected":false},"author":1,"featured_media":0,"comment_status":"open","ping_status":"open","sticky":false,"template":"","format":"standard","meta":{"footnotes":""},"categories":[13],"tags":[244,344,1298,2026,3399],"class_list":["post-2690","post","type-post","status-publish","format-standard","hentry","category-baumpflanzen","tag-apfel","tag-baum","tag-ginko","tag-liebe","tag-umwelt"],"_links":{"self":[{"href":"https:\/\/mokita.de\/blog\/wp-json\/wp\/v2\/posts\/2690","targetHints":{"allow":["GET"]}}],"collection":[{"href":"https:\/\/mokita.de\/blog\/wp-json\/wp\/v2\/posts"}],"about":[{"href":"https:\/\/mokita.de\/blog\/wp-json\/wp\/v2\/types\/post"}],"author":[{"embeddable":true,"href":"https:\/\/mokita.de\/blog\/wp-json\/wp\/v2\/users\/1"}],"replies":[{"embeddable":true,"href":"https:\/\/mokita.de\/blog\/wp-json\/wp\/v2\/comments?post=2690"}],"version-history":[{"count":0,"href":"https:\/\/mokita.de\/blog\/wp-json\/wp\/v2\/posts\/2690\/revisions"}],"wp:attachment":[{"href":"https:\/\/mokita.de\/blog\/wp-json\/wp\/v2\/media?parent=2690"}],"wp:term":[{"taxonomy":"category","embeddable":true,"href":"https:\/\/mokita.de\/blog\/wp-json\/wp\/v2\/categories?post=2690"},{"taxonomy":"post_tag","embeddable":true,"href":"https:\/\/mokita.de\/blog\/wp-json\/wp\/v2\/tags?post=2690"}],"curies":[{"name":"wp","href":"https:\/\/api.w.org\/{rel}","templated":true}]}}