{"id":2614,"date":"2011-02-03T21:03:28","date_gmt":"2011-02-03T20:03:28","guid":{"rendered":"http:\/\/www.mokita.de\/blog\/?p=2614"},"modified":"2011-02-03T21:03:28","modified_gmt":"2011-02-03T20:03:28","slug":"blumen-im-januar-2011","status":"publish","type":"post","link":"https:\/\/mokita.de\/blog\/2011\/02\/03\/blumen-im-januar-2011\/","title":{"rendered":"B\u00e4ume im Januar 2011"},"content":{"rendered":"<figure style=\"width: 540px\" class=\"wp-caption aligncenter\"><img decoding=\"async\" data-src=\"http:\/\/img2.imagebanana.com\/img\/pnqrq0ze\/IMG_20110203_112140.jpg\" alt=\"\" width=\"540\" height=\"405\" src=\"data:image\/svg+xml;base64,PHN2ZyB3aWR0aD0iMSIgaGVpZ2h0PSIxIiB4bWxucz0iaHR0cDovL3d3dy53My5vcmcvMjAwMC9zdmciPjwvc3ZnPg==\" class=\"lazyload\" style=\"--smush-placeholder-width: 540px; --smush-placeholder-aspect-ratio: 540\/405;\" \/><figcaption class=\"wp-caption-text\">Dang... sieht nicht so gut aus...<\/figcaption><\/figure>\n<p>Ich wei\u00df, wir haben nicht mehr Januar, aber fr\u00fcher hab&#8216; ichs nicht geschafft. November und Dezember hab ich komplett verschwitzt, vielleicht auch, weil die Pflanzen nicht wirklich gesund aussehen&#8230; Den Kaffee hab&#8216; ich aufgegeben, beim Ginko hoffe ich, dass demn\u00e4chst wieder ein paar Bl\u00e4tter kommen. War <a href=\"http:\/\/www.mokita.de\/blog\/2010\/03\/05\/baume-im-marz-jahr-1\/\" target=\"_blank\" rel=\"noopener\">letztes Jahr<\/a> genauso.<\/p>\n<p>Einen besonderen Gru\u00df an die Mama von Lukas: Ich wei\u00df, ich habe keinen gr\u00fcnen Daumen&#8230;<\/p>\n","protected":false},"excerpt":{"rendered":"<p>Ich wei\u00df, wir haben nicht mehr Januar, aber fr\u00fcher hab&#8216; ichs nicht geschafft. November und Dezember hab ich komplett verschwitzt, vielleicht auch, weil die Pflanzen nicht wirklich gesund aussehen&#8230; Den Kaffee hab&#8216; ich aufgegeben, beim Ginko hoffe ich, dass demn\u00e4chst wieder ein paar Bl\u00e4tter kommen. War letztes Jahr genauso. Einen besonderen Gru\u00df an die Mama [&hellip;]<\/p>\n","protected":false},"author":1,"featured_media":0,"comment_status":"open","ping_status":"open","sticky":false,"template":"","format":"standard","meta":{"footnotes":""},"categories":[13],"tags":[244,344,1298,2026,2091,3399,3682],"class_list":["post-2614","post","type-post","status-publish","format-standard","hentry","category-baumpflanzen","tag-apfel","tag-baum","tag-ginko","tag-liebe","tag-lowenzahn","tag-umwelt","tag-zitrone"],"_links":{"self":[{"href":"https:\/\/mokita.de\/blog\/wp-json\/wp\/v2\/posts\/2614","targetHints":{"allow":["GET"]}}],"collection":[{"href":"https:\/\/mokita.de\/blog\/wp-json\/wp\/v2\/posts"}],"about":[{"href":"https:\/\/mokita.de\/blog\/wp-json\/wp\/v2\/types\/post"}],"author":[{"embeddable":true,"href":"https:\/\/mokita.de\/blog\/wp-json\/wp\/v2\/users\/1"}],"replies":[{"embeddable":true,"href":"https:\/\/mokita.de\/blog\/wp-json\/wp\/v2\/comments?post=2614"}],"version-history":[{"count":0,"href":"https:\/\/mokita.de\/blog\/wp-json\/wp\/v2\/posts\/2614\/revisions"}],"wp:attachment":[{"href":"https:\/\/mokita.de\/blog\/wp-json\/wp\/v2\/media?parent=2614"}],"wp:term":[{"taxonomy":"category","embeddable":true,"href":"https:\/\/mokita.de\/blog\/wp-json\/wp\/v2\/categories?post=2614"},{"taxonomy":"post_tag","embeddable":true,"href":"https:\/\/mokita.de\/blog\/wp-json\/wp\/v2\/tags?post=2614"}],"curies":[{"name":"wp","href":"https:\/\/api.w.org\/{rel}","templated":true}]}}