{"id":2349,"date":"2010-10-28T11:39:45","date_gmt":"2010-10-28T10:39:45","guid":{"rendered":"http:\/\/www.mokita.de\/blog\/?p=2349"},"modified":"2010-10-28T11:39:45","modified_gmt":"2010-10-28T10:39:45","slug":"bericht-buchmesse-2010-in-frankfurt","status":"publish","type":"post","link":"https:\/\/mokita.de\/blog\/2010\/10\/28\/bericht-buchmesse-2010-in-frankfurt\/","title":{"rendered":"Bericht: Buchmesse 2010 in Frankfurt"},"content":{"rendered":"<figure style=\"width: 540px\" class=\"wp-caption aligncenter\"><a href=\"http:\/\/www.buchmesse.de\/de\/fbm\/\"><img decoding=\"async\" data-src=\"http:\/\/img5.imagebanana.com\/img\/xsapi7hv\/IMAG0192.jpg\" alt=\"Der Taschen Stand auf der Frankfurter Buchmesse\" width=\"540\" height=\"323\" src=\"data:image\/svg+xml;base64,PHN2ZyB3aWR0aD0iMSIgaGVpZ2h0PSIxIiB4bWxucz0iaHR0cDovL3d3dy53My5vcmcvMjAwMC9zdmciPjwvc3ZnPg==\" class=\"lazyload\" style=\"--smush-placeholder-width: 540px; --smush-placeholder-aspect-ratio: 540\/323;\" \/><\/a><figcaption class=\"wp-caption-text\">Der Taschen Stand auf der Frankfurter Buchmesse<\/figcaption><\/figure>\n<p>Schon wieder ein bisschen her und die Erinnerungen beginnen, sich zu ver\u00e4ndern, deshalb kurz ein R\u00fcckblick.<!--more--><\/p>\n<p><strong>Die Anfahrt:<\/strong><\/p>\n<p>Es ist 0630 und vor meiner Haust\u00fcr steht der Freund, mit ich zusammen aus Stuttgart nach Frankfurt zur Buchmesse fahre. Er f\u00e4hrt, ich sitze daneben. Nachdem wir alle Neuigkeiten, Erinnerungen und zeitweiligen Ver\u00e4nderung ausgetauscht haben, beginne ich damit, ihm aus dem neuen <a href=\"http:\/\/www.mokita.de\/blog\/tag\/michel-birbaek\/\" target=\"_blank\" rel=\"noopener\">Birb\u00e6k<\/a> Roman vorzulesen, <a href=\"http:\/\/www.amazon.de\/gp\/product\/3785723970?ie=UTF8&amp;tag=mokita-21&amp;linkCode=as2&amp;camp=1638&amp;creative=19454&amp;creativeASIN=3785723970\">Die Beste zum Schluss<\/a><img decoding=\"async\" style=\"border:none !important; margin:0px !important;\" src=\"http:\/\/www.assoc-amazon.de\/e\/ir?t=mokita-21&amp;l=as2&amp;o=3&amp;a=3785723970\" border=\"0\" alt=\"\" width=\"1\" height=\"1\" \/>. Wir beide sind gro\u00dfe Fans von Michel und nachdem ich den neuen Roman bekommen hatte, ihn aber nicht gleich weitergeben konnte, weil ich selbst noch darin las, machten wir den Kompromiss, dass ich ihm aus dem Buch auf der Hin- und R\u00fcckfahrt vorlesen werde. Dank des Staus wurde daraus eine recht lange Lesesession.<\/p>\n<p><strong>Die Messe:<\/strong><\/p>\n<p>Wie <a href=\"http:\/\/www.mokita.de\/blog\/2010\/10\/07\/faby-goes-buchmesse\/\" target=\"_blank\" rel=\"noopener\">erw\u00e4hnt<\/a>, ich war schonmal auf der Messe, aber irgendwie habe ich vergessen, wie riesig die Hallen sind! Und da wir verschiedenes sehen wollen, entern wir eine Halle, machen eine Zeit aus und trennen uns, damit jeder auf eigene Faust tausende von Welten erkunden kann. In den Hallen, in denen die gro\u00dfen und bekannten Verlage sind, sind einige St\u00e4nde der feuchte Traum verschiedenster Messebauer und Buchliebhaber. Millionen B\u00fccher, arrangiert in gro\u00dfartigen Regalen und Bauwerken. Wie ein Kind, welches seine Aufmerksamkeit nicht lange auf eine Sache konzentrieren kann, haste ich im Zickzack durch die Reihen, sammele Eindr\u00fccke, schwelge in Erinnerungen und verteile L\u00e4cheln.<\/p>\n<p>Wir schaffen nicht alle Hallen. Irgendwann ist der Kopf einfach viel zu voll f\u00fcr all die Eindr\u00fccke. Ich besuche noch den <a href=\"http:\/\/www.argon-verlag.de\/\" target=\"_blank\" rel=\"noopener\">Argon Verlag<\/a>, welcher mich Anfang des Jahres nach Berlin <a href=\"http:\/\/www.mokita.de\/blog\/2010\/04\/15\/little-brother-26-april-2010-1930-uhr-pressekonferenz-kick-off-veranstaltung-samt-lesung-mit-oliver-rohrbeck-und-fabian-neidhardt-in-berlin\/\" target=\"_blank\" rel=\"noopener\">eingeladen<\/a> hatte, und <a href=\"http:\/\/www.michasonundmay.de\/\" target=\"_blank\" rel=\"noopener\">michason &amp; may<\/a>, die Macher der <a href=\"http:\/\/www.mokita.de\/blog\/2010\/08\/26\/faby-in-der-anthology-der-gier\/\" target=\"_blank\" rel=\"noopener\">Anthology der Gier<\/a>. Am sp\u00e4ten Nachmittag gings dann wieder ins Auto und zur\u00fcck zum Lesen und nach Stuttgart.<\/p>\n<p><strong>Die R\u00fcckfahrt:<\/strong><\/p>\n<p>Wir standen gef\u00fchlt durchgehend im Stau. Insofern konnte ich knapp die H\u00e4lfte des Buches vorlesen. Unfair, danach einfach mit dem Buch auszusteigen \ud83d\ude09 Mittlerweile bin ich durch, Bericht kommt.<\/p>\n<p><strong>Das Fazit:<\/strong><\/p>\n<p>Ein krasser Tag, viele sch\u00f6ne Eindr\u00fccke und Ideen, aber nichts, was ich jedes Jahr machen muss.<\/p>\n","protected":false},"excerpt":{"rendered":"<p>Schon wieder ein bisschen her und die Erinnerungen beginnen, sich zu ver\u00e4ndern, deshalb kurz ein R\u00fcckblick.<\/p>\n","protected":false},"author":1,"featured_media":0,"comment_status":"open","ping_status":"open","sticky":false,"template":"","format":"standard","meta":{"footnotes":""},"categories":[17],"tags":[521,816,1152,2270,2271],"class_list":["post-2349","post","type-post","status-publish","format-standard","hentry","category-erinnerungen-leben","tag-buchmesse","tag-die-beste-zum-schluss","tag-frankfurt","tag-michel-birbaek","tag-michel-birbk"],"_links":{"self":[{"href":"https:\/\/mokita.de\/blog\/wp-json\/wp\/v2\/posts\/2349","targetHints":{"allow":["GET"]}}],"collection":[{"href":"https:\/\/mokita.de\/blog\/wp-json\/wp\/v2\/posts"}],"about":[{"href":"https:\/\/mokita.de\/blog\/wp-json\/wp\/v2\/types\/post"}],"author":[{"embeddable":true,"href":"https:\/\/mokita.de\/blog\/wp-json\/wp\/v2\/users\/1"}],"replies":[{"embeddable":true,"href":"https:\/\/mokita.de\/blog\/wp-json\/wp\/v2\/comments?post=2349"}],"version-history":[{"count":0,"href":"https:\/\/mokita.de\/blog\/wp-json\/wp\/v2\/posts\/2349\/revisions"}],"wp:attachment":[{"href":"https:\/\/mokita.de\/blog\/wp-json\/wp\/v2\/media?parent=2349"}],"wp:term":[{"taxonomy":"category","embeddable":true,"href":"https:\/\/mokita.de\/blog\/wp-json\/wp\/v2\/categories?post=2349"},{"taxonomy":"post_tag","embeddable":true,"href":"https:\/\/mokita.de\/blog\/wp-json\/wp\/v2\/tags?post=2349"}],"curies":[{"name":"wp","href":"https:\/\/api.w.org\/{rel}","templated":true}]}}