{"id":2319,"date":"2010-10-07T10:40:12","date_gmt":"2010-10-07T09:40:12","guid":{"rendered":"http:\/\/www.mokita.de\/blog\/?p=2319"},"modified":"2010-10-07T10:40:12","modified_gmt":"2010-10-07T09:40:12","slug":"bericht-babydaddy-filmdreh","status":"publish","type":"post","link":"https:\/\/mokita.de\/blog\/2010\/10\/07\/bericht-babydaddy-filmdreh\/","title":{"rendered":"Bericht: Babydaddy Filmdreh"},"content":{"rendered":"<figure style=\"width: 540px\" class=\"wp-caption aligncenter\"><img decoding=\"async\" data-src=\"http:\/\/img3.imagebanana.com\/img\/o1937y7h\/IMAG0177.jpg\" alt=\"Der Kameramann in Action und im Profil\" width=\"540\" height=\"323\" src=\"data:image\/svg+xml;base64,PHN2ZyB3aWR0aD0iMSIgaGVpZ2h0PSIxIiB4bWxucz0iaHR0cDovL3d3dy53My5vcmcvMjAwMC9zdmciPjwvc3ZnPg==\" class=\"lazyload\" style=\"--smush-placeholder-width: 540px; --smush-placeholder-aspect-ratio: 540\/323;\" \/><figcaption class=\"wp-caption-text\">Der Kameramann in Action und im Profil<\/figcaption><\/figure>\n<p>Ich wei\u00df, man sieht auf dem Bild nicht ganz so viel, aber ich wollte nicht mit Blitz arbeiten und die Aufmerksamkeit auf mich ziehen. Letzte Woche war ich wie <a href=\"http:\/\/www.mokita.de\/blog\/2010\/09\/24\/noch-komparsen-fur-die-letzten-beiden-drehtage-von-babydaddy-gesucht\/\" target=\"_blank\" rel=\"noopener\">angek\u00fcndigt<\/a> als Komparse bei dem Filmdreh von Babydaddy.<!--more--><\/p>\n<p>Im Laufe der beiden Tage kam mir der Gedanke, dass man Filmdrehs als Komparse sehr gut mit Gef\u00e4ngnissen und Kliniken vergleichen kann:<\/p>\n<ul>\n<li>Sehr viel Zeit verbringt man mit warten.<\/li>\n<li>Wenn man etwas tut, dann tut man es gleich mehrmals hintereinander.<\/li>\n<li>Irgendwie wei\u00df man oft nicht so genau, was man eigentlich tut.<\/li>\n<li>Und eine der ersten Fragen, wenn man jemand neues trifft, ist:<\/li>\n<\/ul>\n<blockquote><p>Na, wie bist du hierher gekommen?<\/p><\/blockquote>\n<p>Tats\u00e4chlich beschreibt das auch schon die zwei Tage im Atelier <a href=\"http:\/\/www.eigenart-seitz.de\/\" target=\"_blank\" rel=\"noopener\">eigen.art<\/a> in Stuttgart. Wir warteten viel, freundeten uns an und sobald es losging, wurde es ziemlich spannend. Sch\u00f6n, mal einem Team so zusehen zu k\u00f6nnen. Dabei war es trotz allen Stresses superfreundlich und beantwortete alle neugierigen Fragen offen und ausf\u00fchrlich.<\/p>\n<p>Alles war einerseits extrem chaotisch,\u00a0andererseits\u00a0aber ziemlich akkurat, was Anschlussfehler und Atmosph\u00e4re angeht.<\/p>\n<p>Eine tolle Sache f\u00fcr mich pers\u00f6nlich war unter anderem mein Treffen mit Christian. Er kam w\u00e4hrend einer Pause auf mich zu und meinte, du bist Fabian Neidhardt, oder?<\/p>\n<p>Verbl\u00fcfft best\u00e4tige ich das und er sagt mir, dass er nur wegen meines, diesen Blogs von dem Dreh erfahren hat und deshalb hier ist. Auf mokita ist er durch das <a href=\"http:\/\/littlebrotherhoerbuch.wordpress.com\/\" target=\"_blank\" rel=\"noopener\">Little Brother H\u00f6rbuch<\/a> gekommen. Immer wieder cool, tats\u00e4chlich Resonanz auf Aktionen zu bekommen. Christian selbst bloggt auch, macht sich aber die M\u00fche und trennt zwischen <a href=\"http:\/\/grizze.tumblr.com\/\" target=\"_blank\" rel=\"noopener\">Leben<\/a> und <a href=\"http:\/\/vtlive.wordpress.com\/\" target=\"_blank\" rel=\"noopener\">Profession<\/a>.<\/p>\n<p>Insgesamt zwei spannende, lehrreiche, aber auch sehr anstrengende Tage. Und nun bin ich auf das Ergebnis gespannt. Der Film wird dank der Mitarbeit des ZDF im Kino und auch im ZDF zu sehen sein, ein Zeitpunkt ist mir noch nicht bekannt.<\/p>\n","protected":false},"excerpt":{"rendered":"<p>Ich wei\u00df, man sieht auf dem Bild nicht ganz so viel, aber ich wollte nicht mit Blitz arbeiten und die Aufmerksamkeit auf mich ziehen. Letzte Woche war ich wie angek\u00fcndigt als Komparse bei dem Filmdreh von Babydaddy.<\/p>\n","protected":false},"author":1,"featured_media":0,"comment_status":"open","ping_status":"open","sticky":false,"template":"","format":"standard","meta":{"footnotes":""},"categories":[17],"tags":[314,593,949,1097,1878,3041,3107],"class_list":["post-2319","post","type-post","status-publish","format-standard","hentry","category-erinnerungen-leben","tag-babydaddy","tag-christian-ulmen","tag-eigenart","tag-filmdreh","tag-komparse","tag-statist","tag-stuttgart"],"_links":{"self":[{"href":"https:\/\/mokita.de\/blog\/wp-json\/wp\/v2\/posts\/2319","targetHints":{"allow":["GET"]}}],"collection":[{"href":"https:\/\/mokita.de\/blog\/wp-json\/wp\/v2\/posts"}],"about":[{"href":"https:\/\/mokita.de\/blog\/wp-json\/wp\/v2\/types\/post"}],"author":[{"embeddable":true,"href":"https:\/\/mokita.de\/blog\/wp-json\/wp\/v2\/users\/1"}],"replies":[{"embeddable":true,"href":"https:\/\/mokita.de\/blog\/wp-json\/wp\/v2\/comments?post=2319"}],"version-history":[{"count":0,"href":"https:\/\/mokita.de\/blog\/wp-json\/wp\/v2\/posts\/2319\/revisions"}],"wp:attachment":[{"href":"https:\/\/mokita.de\/blog\/wp-json\/wp\/v2\/media?parent=2319"}],"wp:term":[{"taxonomy":"category","embeddable":true,"href":"https:\/\/mokita.de\/blog\/wp-json\/wp\/v2\/categories?post=2319"},{"taxonomy":"post_tag","embeddable":true,"href":"https:\/\/mokita.de\/blog\/wp-json\/wp\/v2\/tags?post=2319"}],"curies":[{"name":"wp","href":"https:\/\/api.w.org\/{rel}","templated":true}]}}