{"id":1686,"date":"2010-04-19T19:08:01","date_gmt":"2010-04-19T18:08:01","guid":{"rendered":"http:\/\/www.mokita.de\/blog\/?p=1686"},"modified":"2010-04-19T19:08:01","modified_gmt":"2010-04-19T18:08:01","slug":"interview-lea-korte-autorin-von-die-maurin","status":"publish","type":"post","link":"https:\/\/mokita.de\/blog\/2010\/04\/19\/interview-lea-korte-autorin-von-die-maurin\/","title":{"rendered":"Interview: Lea Korte, Autorin von &quot;Die Maurin&quot;"},"content":{"rendered":"<figure style=\"width: 145px\" class=\"wp-caption alignleft\"><a href=\"http:\/\/www.leakorte.com\/index.php?option=com_content&amp;view=section&amp;layout=blog&amp;id=3&amp;Itemid=6\"><img decoding=\"async\" src=\"http:\/\/de.sevenload.com\/im\/Ry0RfcO\/450x450\" alt=\"Lea Korte\" width=\"145\" height=\"198\" \/><\/a><figcaption class=\"wp-caption-text\">Lea Korte<\/figcaption><\/figure>\n<p>Wie bei der <a href=\"http:\/\/www.mokita.de\/blog\/2010\/04\/13\/buch-die-maurin-von-lea-korte-rezension-verlosung\/\" target=\"_blank\" rel=\"noopener\">Rezension<\/a> versprochen, das Interview mit<a href=\"http:\/\/www.leakorte.de\/\" target=\"_blank\" rel=\"noopener\"> Lea Korte<\/a>, ihres Zeichens Autorin der historischen Romane &#8222;Die Nonne mit dem Schwert&#8220; und &#8222;<a href=\"http:\/\/www.amazon.de\/gp\/product\/3426502305?ie=UTF8&amp;tag=mokita-21&amp;linkCode=as2&amp;camp=1638&amp;creative=19454&amp;creativeASIN=3426502305\">Die Maurin<\/a><img decoding=\"async\" class=\" ydjzquzjpfrawtgvfbou ydjzquzjpfrawtgvfbou ydjzquzjpfrawtgvfbou ydjzquzjpfrawtgvfbou ydjzquzjpfrawtgvfbou ydjzquzjpfrawtgvfbou ydjzquzjpfrawtgvfbou ydjzquzjpfrawtgvfbou ydjzquzjpfrawtgvfbou ydjzquzjpfrawtgvfbou ydjzquzjpfrawtgvfbou ydjzquzjpfrawtgvfbou ydjzquzjpfrawtgvfbou ydjzquzjpfrawtgvfbou ydjzquzjpfrawtgvfbou ydjzquzjpfrawtgvfbou ydjzquzjpfrawtgvfbou ydjzquzjpfrawtgvfbou rhnycihgemcxozzfvwik rhnycihgemcxozzfvwik rhnycihgemcxozzfvwik rhnycihgemcxozzfvwik\" style=\"border:none !important; margin:0px !important;\" src=\"http:\/\/www.assoc-amazon.de\/e\/ir?t=mokita-21&amp;l=as2&amp;o=3&amp;a=3426502305\" border=\"0\" alt=\"\" width=\"1\" height=\"1\" \/>&#8222;:<\/p>\n<p>Es ist ein sonniger Nachmittag in Deutschland und aufgrund der weiten Entfernung konnten wir uns leider nicht pers\u00f6nlich treffen. Ich wollte aber nicht einfach nur eine Sammlung von Fragen verschicken, also haben wir etwas Neues probiert:<\/p>\n<p>Ein Interview im Facebook-Chat! Es ist textbasiert und somit leicht zu kopieren, aber viel flexibler als eine Ansammlung von Fragen in einer Mail.<\/p>\n<p>Das hat leider nicht ganz so geklappt, wie wir das wollten, deshalb sind wir auf die Facebookmail umgestiegen. Und das hat auch super geklappt. Hier also das Interview:<!--more--><\/p>\n<p><strong><\/strong><\/p>\n<figure style=\"width: 197px\" class=\"wp-caption alignright\"><strong><strong><a href=\"http:\/\/www.amazon.de\/gp\/product\/3426502305?ie=UTF8&amp;tag=mokita-21&amp;linkCode=as2&amp;camp=1638&amp;creative=19454&amp;creativeASIN=3426502305\"><img decoding=\"async\" data-src=\"http:\/\/ecx.images-amazon.com\/images\/I\/51p4jr9xIML._SL500_AA300_.jpg\" alt=\"Die Maurin bei Amazon\" width=\"197\" height=\"197\" src=\"data:image\/svg+xml;base64,PHN2ZyB3aWR0aD0iMSIgaGVpZ2h0PSIxIiB4bWxucz0iaHR0cDovL3d3dy53My5vcmcvMjAwMC9zdmciPjwvc3ZnPg==\" class=\"lazyload\" style=\"--smush-placeholder-width: 197px; --smush-placeholder-aspect-ratio: 197\/197;\" \/><\/a><\/strong><\/strong><figcaption class=\"wp-caption-text\">Die Maurin bei Amazon<\/figcaption><\/figure>\n<p><strong><\/strong><strong>Sch\u00f6nen Nachmittag, Lea! Sch\u00f6n dass du wir die Zeit gefunden haben, ein bisschen miteinander zu &#8222;reden&#8220;.<\/strong><br \/>\nHallo Fabian, ich freue mich auch!<\/p>\n<p><strong>Wenn ich gerade bei mir aus dem Fenster schaue, scheint da die Sonne, das ist jetzt nicht so gut weil ich mir gedacht habe, h\u00e4tte ich so schlechtes Wetter wie die letzten Tage, w\u00e4r&#8216; das ein besserer Einstieg, aber nun gut, \u00fcber gutes Wetter will ich nicht meckern. Wo bist du gerade genau und wie ist das Wetter bei dir?<\/strong><br \/>\nIch bin in Spanien &#8211; und beneide dich um Eure Sonne! \ud83d\ude09 Hier hat sich der Himmel \u00fcber Mittag n\u00e4mlich zugezogen.<\/p>\n<p><strong>\ud83d\ude42 Davor hattest du wahrscheinlich insgesamt in deinem Leben viel mehr Sonne! Du lebst seit deinem Studium in Spanien, mittlerweile mit deinem franz\u00f6sischem Mann und deinen beiden Kindern. Also der Reihe nach: Warum bist du nach Spanien ausgewandert?<\/strong><br \/>\nNun, mit 12 war ich mit meinen Eltern zum ersten Mal am spanischen Mittelmeer und habe damals ganz naiv beschlossen, dass ich sp\u00e4ter dort leben will \u2013 und das \u201eSp\u00e4ter\u201c sollte nicht erst im Rentenalter sein. Ich liebe den Platz hier, den &#8222;gro\u00dfen&#8220; Himmel, der durch das Meer noch viel gr\u00f6\u00dfer ist, bin meers\u00fcchtig &#8211; und funktioniere einfach mit Sonne besser.<\/p>\n<p><strong>K\u00f6nntest du dir vorstellen, nochmal zur\u00fcckzukommen?<br \/>\n<\/strong>Und zur\u00fcckkommen &#8211; nein, das kann ich mir allerdings nicht vorstellen. F\u00fcr ein paar Tage oder, wie jetzt, f\u00fcr die Lesereise, auch mal f\u00fcr ein paar Wochen, das ist kein Problem. Aber ich habe in Spanien schon Wurzeln gezogen.<\/p>\n<p><strong>Sprechen deine Kinder alle drei Sprachen?<\/strong><br \/>\nUnd ja, meine Kinder sprechen alle drei Sprachen, und Katalanisch\/Valenciano au\u00dferdem. Und da ich sehe, wie das bei meinen Kindern funktionert, frage ich mich seither, wieso das im Schulsystem nicht genutzt wird: W\u00fcrde man den Unterricht konsequent in 1 &#8211; 2 Fremdsprachen machen plus 3 Stunden Muttersprache pro Woche, h\u00e4tten wir sp\u00e4ter lauter dreisprachige Menschen. Das w\u00fcrde die Verst\u00e4ndigung doch ziemlich erleichtern, oder? \ud83d\ude09<\/p>\n<p><strong>Ja, auf jeden Fall! Naja, so k\u00f6nnen sich deine Kids aber einer besonderen Stellung gewiss sein, weil eben nicht jedes Kind von Anfang so viele Sprachen lernt!<br \/>\nDer Grund f\u00fcr unser Interview &#8211; wir wollen uns ja nicht nur \u00fcber das Wetter und die Familie unterhalten &#8211; ist ja dein neuester Roman. \u201cDie Maurin&#8220;, die Geschichte des Kampfes der Mauren (Muslimen) gegen die Kastilier (Christen) im Spanien am Ende des 15. Jahrhunderts, aus der Sicht der Maurin Zahra. Habe ich das gut in einem Satz zusammengefasst?<br \/>\n<\/strong>Ja und nein. \ud83d\ude09 Zum einen geht der Kampf eher von Christen aus &#8211; und zum anderen hat Zahra auch eine ganz eigene Geschichte in dem Roman. Ich finde, Alexandra Plath hat es bei Amazon sehr gut auf den Punkt gebracht:<\/p>\n<blockquote><p>&#8222;Ende des 15. Jahrhunderts befindet sich Andalusien im Umbruch. Die Reconquista, die R\u00fcckeroberung des maurischen Spaniens f\u00fcr die christliche Krone, geht in ihre letzte Phase und es kommt zu erbitterten K\u00e4mpfen zwischen Mauren und Kastiliern. Vor diesem Hintergrund spielt Lea Kortes Roman \u00fcber die junge Frau Zahra as-Sulamis, die aufgrund ihrer Familiensituation zwischen die maurisch-kastilischen Fronten ger\u00e4t.&#8220;<\/p><\/blockquote>\n<p>Der Text geht dann \u00fcbrigens auch noch <a href=\"http:\/\/www.amazon.de\/gp\/product\/3426502305?ie=UTF8&amp;tag=mokita-21&amp;linkCode=as2&amp;camp=1638&amp;creative=19454&amp;creativeASIN=3426502305\">weiter<\/a><img decoding=\"async\" class=\" ydjzquzjpfrawtgvfbou ydjzquzjpfrawtgvfbou ydjzquzjpfrawtgvfbou ydjzquzjpfrawtgvfbou ydjzquzjpfrawtgvfbou ydjzquzjpfrawtgvfbou ydjzquzjpfrawtgvfbou ydjzquzjpfrawtgvfbou rhnycihgemcxozzfvwik rhnycihgemcxozzfvwik rhnycihgemcxozzfvwik rhnycihgemcxozzfvwik\" style=\"border:none !important; margin:0px !important;\" src=\"http:\/\/www.assoc-amazon.de\/e\/ir?t=mokita-21&amp;l=as2&amp;o=3&amp;a=3426502305\" border=\"0\" alt=\"\" width=\"1\" height=\"1\" \/> \ud83d\ude09<\/p>\n<p><strong>Naja, es war ein spontaner &#8222;Ein Satz Versuch&#8220;, aber ich denke die Geschichte, die du auf 663 Seiten erz\u00e4hlst &#8211; ich habe gerade nachgeschaut &#8211; kann man auch nicht mal kurz auf die Schnelle in einen Satz packen.<br \/>\nEs ist dein zweiter historischer Roman, er ist ganz frisch auf dem Markt, wie sind bis jetzt die Reaktionen, die du bekommst?<br \/>\n<\/strong>Die Leserreaktionen auf \u201eDie Maurin\u201c sind bisher durchweg sehr positiv, was mich riesig freut. Bei einigen Online-Leserunden hatte ich ja den direkten Kontakt zu den Lesern, und auch die Rezensionen auf den B\u00fccherwebseiten, Blogs und bei <a href=\"http:\/\/www.amazon.de\/gp\/product\/3426502305?ie=UTF8&amp;tag=mokita-21&amp;linkCode=as2&amp;camp=1638&amp;creative=19454&amp;creativeASIN=3426502305\" target=\"_blank\" rel=\"noopener\">amazon<\/a> sind bisher alle erfreulich gut.<br \/>\nMeine Lieblingsrezension ist derzeit wohl die von Rita del\u2019Agnese bei der <a href=\"http:\/\/www.histo-couch.de\/lea-korte-die-maurin.html\" target=\"_blank\" rel=\"noopener\">histo-couch<\/a>. Auf dieser Webseite wurde ich mit der \u201eMaurin\u201c auch zum \u201eHistorikus\u201c des Monats M\u00e4rz gew\u00e4hlt, was mich riesig gefreut hat und ich als besondere Ehre empfunden habe. Auch anderen Webseiten ist \u201eDie Maurin\u201c schon positiv aufgefallen: Bei \u201e<a href=\"http:\/\/www.historische-romane.de\/index.html\" target=\"_blank\" rel=\"noopener\">historische-romane.de<\/a>\u201c war ich im Februar Autor des Monats, bei <a href=\"http:\/\/www.lovelybooks.de\/\" target=\"_blank\" rel=\"noopener\">lovelybooks<\/a> ist die Maurin gerade auf Platz 4 der Fr\u00fchlingsb\u00fccher 2010 gelandet und war damit der am besten platzierte historische Roman.<\/p>\n<p><strong>Gratulation! \ud83d\ude42 Aber sag mal, wie lange hast du an dem Buch gearbeitet? Hattest du irgendwann einen Moment, in dem du keine Lust mehr auf das ganze Projekt hattest? Und wie ist es jetzt im Nachhinein? Bist du immer noch voll auf der &#8222;Die Maurin&#8220;-Schiene oder arbeitest du schon an etwas neuem?<br \/>\n<\/strong>&#8222;Die Maurin&#8220; &#8211; das waren drei Jahre Recherche und Schreiben. Und Lust, hinzuschmei\u00dfen? Nein! In jedem Buch gibt es Phasen, wo man h\u00e4ngen bleibt und nicht weiter wei\u00df, weil man seinen Figuren Dinge &#8222;zugemutet&#8220; hat, die diesen nicht passen, aber das sind Konflikte, die man l\u00f6sen muss und danach geht es dann auch weiter. Bei der Maurin habe ich einmal an die 100 Seiten in den M\u00fcll geworfen \ud83d\ude09<br \/>\nDas Thema an sich hat mich beim Schreiben immer mehr gepackt, weswegen ich auch im n\u00e4chsten historischen Roman das Dreieck Christen-Muslime-Juden weiter verfolgen will, was anhand der spanischen Geschichte sehr leicht m\u00f6glich ist. Denn nach der Reconquista wird es ja erst richtig spannend! Derzeit sitze ich an den entsprechenden Recherchen.<\/p>\n<p><strong>H\u00f6rt sich so an, als m\u00f6chtest du erstmal nichts weiter \u00fcber das neue Projekt verraten \ud83d\ude09<br \/>\nIch habe in einem Interview gelesen, dass du deine Romane auf Deutsch verfasst, weil es eben die Sprache ist, die du &#8222;von Kindesbeinen auf&#8220; gelernt hast. Gibt es denn Pl\u00e4ne f\u00fcr eine \u00dcbersetzung von &#8222;Die Maurin&#8220; ins Spanische, wenn die Geschichte schon dort spielt? Und reizt es dich trotz aller Hindernisse nicht, einmal eine Geschichte direkt auf spanisch zu schreiben?<br \/>\n<\/strong>Ich selbst w\u00fcrde ohne Not nie in einer anderen Sprache schreiben wollen, so gut ich sie auch beherrschen mag. Es ist n\u00e4mlich ein Ding, eine Fremdsprache perfekt zu sprechen, und noch einmal ein ganz anderes, diese Sprache auch \u201ebenutzen\u201c zu k\u00f6nnen, wie man es als Autor k\u00f6nnen muss. In dem von dir erw\u00e4hnten Interview hatte ich erz\u00e4hlt, dass eine t\u00fcrkische Autorin einmal auf der Frankfurter Buchmesse gesagt hat, eine Sprache muss Kinderschuhe haben \u2013 und das sehe ich nicht anders. W\u00e4hrend der Kindheit entwickeln wir einen intuitiven, sehr gef\u00fchlsm\u00e4\u00dfigen Bezug zu unserer Muttersprache, den wir in dem Ma\u00dfe kaum noch f\u00fcr eine andere Sprache entwickeln k\u00f6nnen. Dadurch, dass meine Kinder mehrsprachig aufwachsen, erlebe ich zwar deren \u201eKinderschuhe\u201c, aber trotzdem w\u00fcrde ich noch lange nicht sagen, dass ich mir diese \u201eSchuhe\u201c anziehen kann.<br \/>\n\u00dcbersetzungen in eine andere Sprache sind \u00fcbrigens immer Verlagssache, aber nat\u00fcrlich w\u00fcrde ich mich sehr freuen, wenn gerade &#8222;Die Maurin&#8220; \u00fcbersetzt werden w\u00fcrde, vor allem ins Spanische, so dass auch unsere Freunde einmal ein Buch von mir lesen k\u00f6nnten. \ud83d\ude09<\/p>\n<p><strong>Kann dein Mann deine Romane lesen? Oder kannst du ihm nur erz\u00e4hlen, was du schreibst?<br \/>\n<\/strong>Das ist ein h\u00e4ufiges Thema bei uns, denn nein, mein Mann kann meine Romane nicht lesen, weil er kein Deutsch spricht und sich auch &#8211; als echter Franzose &#8211; hartn\u00e4ckig weigert es zu lernen. \ud83d\ude09 Wenn ich mit den Kindern Deutsch spreche, versteht er inzwischen zwar einiges, aber eben bei weitem nicht genug, um einen Roman auf Deutsch lesen zu k\u00f6nnen.<br \/>\nWenn ich ihm das im Spa\u00df vorhalte, meint er immer, er wisse auch so, was in meinen B\u00fcchern steht: zum einen ist er bei den Recherchenreisen nat\u00fcrlich mit dabei, und zum anderen &#8211; und das ist sein st\u00e4rkstes Argument &#8211; sagt er: er kenne mich, also wisse er auch, was ich schreibe.<br \/>\nBei &#8222;Die Nonne mit dem Schwert&#8220; hat er mir \u00fcbrigens sehr geholfen: Dort sind ja einige Szenen auf hoher See, mitsamt Unwettern und dem Raffen von Segeln im Sturm. Da mein Mann einen gro\u00dfen Teil seines Lebens auf den Weltmeeren verbracht hat und ein leidenschaftlicher Segler ist, habe ich ihn dann mit all meinen Fragen l\u00f6chern k\u00f6nnen. Ich werde nie vergessen, wie er mir mit einem Bettlaken und zwei Besenstielen vorgemacht hat, wie man ein Raffsegel im Sturm einholt. \ud83d\ude09 Und auch dass man Neulinge in der Besatzung auf einem Schiff gern mit dem Trinken von Meerwasser reinlegt, wei\u00df ich von ihm.<\/p>\n<figure style=\"width: 115px\" class=\"wp-caption alignleft\"><strong><a href=\"http:\/\/www.amazon.de\/gp\/product\/3426633868?ie=UTF8&amp;tag=mokita-21&amp;linkCode=as2&amp;camp=1638&amp;creative=19454&amp;creativeASIN=3426633868\"><img decoding=\"async\" data-src=\"http:\/\/ecx.images-amazon.com\/images\/I\/41yUwZ-TnzL._SL160_AA115_.jpg\" alt=\"Die Nonne mit dem Schwert bei Amazon\" width=\"115\" height=\"115\" src=\"data:image\/svg+xml;base64,PHN2ZyB3aWR0aD0iMSIgaGVpZ2h0PSIxIiB4bWxucz0iaHR0cDovL3d3dy53My5vcmcvMjAwMC9zdmciPjwvc3ZnPg==\" class=\"lazyload\" style=\"--smush-placeholder-width: 115px; --smush-placeholder-aspect-ratio: 115\/115;\" \/><\/a><\/strong><figcaption class=\"wp-caption-text\">Die Nonne mit dem Schwert bei Amazon<\/figcaption><\/figure>\n<p><strong>\ud83d\ude42 Er hilft dir also flei\u00dfig bei deiner Arbeit! Sehr gut!<br \/>\nDer gerade von dir erw\u00e4hnte Roman &#8222;Die Nonne mit dem Schwert&#8220; war dein erster Historischer Roman unter deinem Namen. Ich wei\u00df aber, dass du mindestens sieben Romane ver\u00f6ffentlicht hast! Welches Genre waren denn die vorherigen Romane? K\u00f6nntest du dir vorstellen nach den historischen Romanen nochmals das Genre zu wechseln?<br \/>\n<\/strong>Die erste Romane waren sogenannte Frauenromane, wobei der letzte eigentlich eher ein Entwicklungsroman war. Und ein Genrewechsel kann ich mir nicht vorstellen, aber sehr wohl, parallel zu den historischen Romanen auch andere B\u00fccher zu schreiben. Frauenromane w\u00e4ren es aber sicher nicht. Eher im Bereich des Spannungsromans.<\/p>\n<p><strong>Nun, dann k\u00f6nnen wir also gespannt sein, was wir von dir noch alles zu lesen bekommen. N\u00e4chsten Monat haben wir aber erstmal die Chance, etwas von dir vorgelesen zu bekommen, oder?<br \/>\n<\/strong>Ja, im Mai mache ich eine l\u00e4ngere Lesereise in Deutschland. Acht Bundesl\u00e4nder sind dabei, es sind an die zwanzig Lesetermine &#8211; und ich freue mich sehr! Die <a href=\"http:\/\/www.leakorte.de\/\" target=\"_blank\" rel=\"noopener\">Termine<\/a> sind \u00fcbrigens auf meinem <a href=\"http:\/\/www.leakorte.de\/\" target=\"_blank\" rel=\"noopener\">Blog<\/a> einsehbar. Wenn man so weit weg von den deutschsprachigen L\u00e4ndern wohnt wie ich, fehlt einem schon ein bisschen der Austausch mit Lesern. Immerhin gibt es jetzt facebook. Sehr viele Leser haben mich schon dort angesprochen, und ich finde das toll!<\/p>\n<p><strong>Nach ein paar Anfangsschwierigkeiten hat ja unser Interview \u00fcber Facebook ganz gut geklappt.<\/strong><\/p>\n<p><strong>Dir, Lea, vielen Dank f\u00fcr die Zeit und die Offenheit, dir w\u00fcnsche alles Gute f\u00fcr die Zukunft und will jetzt nochmal auf <a href=\"http:\/\/www.mokita.de\/blog\/2010\/04\/13\/buch-die-maurin-von-lea-korte-rezension-verlosung\/\" target=\"_blank\" rel=\"noopener\">das Gewinnspiel<\/a> hinweisen: Hier bei mokita gibt&#8217;s ja noch eine signierte Ausgabe von die Maurin zu gewinnen!<\/strong><br \/>\nIch danke dir auch f\u00fcr das kurzweilige Interview!<\/p>\n<p>Ihr seht, Lea ist ein sehr aufgeschlossener Mensch, wenn ihr also noch mehr Fragen habt, sprecht sie gerne auf Facebook an, sie freut sich. Und nebenbei, macht bei dem <a href=\"http:\/\/www.mokita.de\/blog\/2010\/04\/13\/buch-die-maurin-von-lea-korte-rezension-verlosung\/\" target=\"_blank\" rel=\"noopener\">Gewinnspiel<\/a> mit!<\/p>\n<p>Spread the smile &#8211; faby<\/p>\n","protected":false},"excerpt":{"rendered":"<p>Wie bei der Rezension versprochen, das Interview mit Lea Korte, ihres Zeichens Autorin der historischen Romane &#8222;Die Nonne mit dem Schwert&#8220; und &#8222;Die Maurin&#8222;: Es ist ein sonniger Nachmittag in Deutschland und aufgrund der weiten Entfernung konnten wir uns leider nicht pers\u00f6nlich treffen. Ich wollte aber nicht einfach nur eine Sammlung von Fragen verschicken, also [&hellip;]<\/p>\n","protected":false},"author":1,"featured_media":0,"comment_status":"open","ping_status":"open","sticky":false,"template":"","format":"standard","meta":{"footnotes":""},"categories":[22],"tags":[1044,1290,1469,1587,1972,2220,2429],"class_list":["post-1686","post","type-post","status-publish","format-standard","hentry","category-interviews","tag-facebook","tag-gewinnspiel","tag-historische-romane","tag-interview","tag-lea-korte","tag-maurin","tag-nonne-mit-dem-schwert"],"_links":{"self":[{"href":"https:\/\/mokita.de\/blog\/wp-json\/wp\/v2\/posts\/1686","targetHints":{"allow":["GET"]}}],"collection":[{"href":"https:\/\/mokita.de\/blog\/wp-json\/wp\/v2\/posts"}],"about":[{"href":"https:\/\/mokita.de\/blog\/wp-json\/wp\/v2\/types\/post"}],"author":[{"embeddable":true,"href":"https:\/\/mokita.de\/blog\/wp-json\/wp\/v2\/users\/1"}],"replies":[{"embeddable":true,"href":"https:\/\/mokita.de\/blog\/wp-json\/wp\/v2\/comments?post=1686"}],"version-history":[{"count":0,"href":"https:\/\/mokita.de\/blog\/wp-json\/wp\/v2\/posts\/1686\/revisions"}],"wp:attachment":[{"href":"https:\/\/mokita.de\/blog\/wp-json\/wp\/v2\/media?parent=1686"}],"wp:term":[{"taxonomy":"category","embeddable":true,"href":"https:\/\/mokita.de\/blog\/wp-json\/wp\/v2\/categories?post=1686"},{"taxonomy":"post_tag","embeddable":true,"href":"https:\/\/mokita.de\/blog\/wp-json\/wp\/v2\/tags?post=1686"}],"curies":[{"name":"wp","href":"https:\/\/api.w.org\/{rel}","templated":true}]}}