{"id":1618,"date":"2010-03-25T09:26:54","date_gmt":"2010-03-25T08:26:54","guid":{"rendered":"http:\/\/www.mokita.de\/blog\/?p=1618"},"modified":"2010-03-25T09:26:54","modified_gmt":"2010-03-25T08:26:54","slug":"taize-in-der-popularen-welt","status":"publish","type":"post","link":"https:\/\/mokita.de\/blog\/2010\/03\/25\/taize-in-der-popularen-welt\/","title":{"rendered":"Taiz\u00e9 in der popul\u00e4ren Welt."},"content":{"rendered":"<figure style=\"width: 450px\" class=\"wp-caption aligncenter\"><img decoding=\"async\" data-src=\"http:\/\/messenjah.de\/joomla\/images\/bilder\/dsc00181.jpg\" alt=\"Essensausgabe in Taiz\u00e9\" width=\"450\" height=\"338\" src=\"data:image\/svg+xml;base64,PHN2ZyB3aWR0aD0iMSIgaGVpZ2h0PSIxIiB4bWxucz0iaHR0cDovL3d3dy53My5vcmcvMjAwMC9zdmciPjwvc3ZnPg==\" class=\"lazyload\" style=\"--smush-placeholder-width: 450px; --smush-placeholder-aspect-ratio: 450\/338;\" \/><figcaption class=\"wp-caption-text\">Essensausgabe in Taiz\u00e9<\/figcaption><\/figure>\n<p>Kennt jemand von euch Taiz\u00e9? <a href=\"http:\/\/de.wikipedia.org\/wiki\/Taiz%C3%A9_%28Sa%C3%B4ne-et-Loire%29\" target=\"_blank\" rel=\"noopener\">Taiz\u00e9<\/a> selbst ist ein kleiner Ort in Frankreich im Burgund, 180 Einwohner. Aber <em>in<\/em> Taiz\u00e9 ist die <a href=\"http:\/\/de.wikipedia.org\/wiki\/Communaut%C3%A9_de_Taiz%C3%A9\" target=\"_blank\" rel=\"noopener\">Gemeinschaft von Taiz\u00e9<\/a>, ein \u00f6kumenischer Orden, der Woche f\u00fcr Woche tausende Jugendliche anzieht.<!--more--><\/p>\n<p>Ein toller Ort, Jugendliche aus der ganzen Welt kennenzulernen, mit ihnen \u00fcber Gott und die Welt zu reden und ein paar neue Erfahrungen zu machen. Bis vor ein paar Jahren war ich <a href=\"http:\/\/messenjah.de\/joomla\/index.php?option=com_content&amp;task=view&amp;id=48&amp;Itemid=5\" target=\"_blank\" rel=\"noopener\">j\u00e4hrlich<\/a> <a href=\"http:\/\/messenjah.de\/joomla\/index.php?option=com_content&amp;task=view&amp;id=85&amp;Itemid=5\" target=\"_blank\" rel=\"noopener\">mehrmals<\/a> <a href=\"http:\/\/messenjah.de\/joomla\/index.php?option=com_content&amp;task=view&amp;id=83&amp;Itemid=5\" target=\"_blank\" rel=\"noopener\">dort<\/a>. Und jedesmal habe ich neue tolle Erfahrungen gemacht. Hoffe, bald mal wieder dort vorbeizukommen. Und ich rate es auch jedem anderen, ganz abgesehen von seiner religi\u00f6sen oder sonstigen Gesinnung.<\/p>\n<p>Taiz\u00e9 ist ein Ort, den man kaum beschreiben kann, sondern eher erleben muss.<\/p>\n<p>Jedenfalls ist Taiz\u00e9 samt aller Erinnerungne udn eingebrannten Bilder ein ganz bestimmter Teil meiner Selbst. Vor kurzem aber, in letzten Show von &#8222;<a href=\"http:\/\/www.unser-star-fuer-oslo.de\/index.html\" target=\"_blank\" rel=\"noopener\">Unser Star f\u00fcr Oslo<\/a>&#8220; sehe ich Lena Meyer-Landrut und was h\u00e4ngt da um ihren Hals?<\/p>\n<figure style=\"width: 540px\" class=\"wp-caption alignnone\"><img decoding=\"async\" data-src=\"http:\/\/www.imagebanana.com\/img\/nb4sjn8\/HBkWmL9R.jpg\" alt=\"Das kleine Kreuz um Lenas Hals ist die Taiz\u00e9-Taube\" width=\"540\" height=\"242\" src=\"data:image\/svg+xml;base64,PHN2ZyB3aWR0aD0iMSIgaGVpZ2h0PSIxIiB4bWxucz0iaHR0cDovL3d3dy53My5vcmcvMjAwMC9zdmciPjwvc3ZnPg==\" class=\"lazyload\" style=\"--smush-placeholder-width: 540px; --smush-placeholder-aspect-ratio: 540\/242;\" \/><figcaption class=\"wp-caption-text\">Das kleine Kreuz um Lenas Hals ist die Taiz\u00e9-Taube (Foto: ARD\/ProSieben)<\/figcaption><\/figure>\n<figure style=\"width: 142px\" class=\"wp-caption alignleft\"><a href=\"http:\/\/www.made-by-taize.de\"><img decoding=\"async\" data-src=\"http:\/\/www.made-by-taize.de\/assets\/images\/KT-schwarz_-_klein.jpg\" alt=\"Bild von made-by-taize.de\" width=\"142\" height=\"139\" src=\"data:image\/svg+xml;base64,PHN2ZyB3aWR0aD0iMSIgaGVpZ2h0PSIxIiB4bWxucz0iaHR0cDovL3d3dy53My5vcmcvMjAwMC9zdmciPjwvc3ZnPg==\" class=\"lazyload\" style=\"--smush-placeholder-width: 142px; --smush-placeholder-aspect-ratio: 142\/139;\" \/><\/a><figcaption class=\"wp-caption-text\">Bild von made-by-taize.de<\/figcaption><\/figure>\n<p>Dieser Anh\u00e4nger, der gleichzeitig Taube und Kreuz ist, stellt mittlerweile ein kleines Erkennungszeichen jener dar, welche schonmal in Taiz\u00e9 waren. Genauso wie Fesivalg\u00e4nger sich an den Eintrittsb\u00e4ndchen erkennen, tun es Besucher von Taiz\u00e9 durch die Kette.<\/p>\n<p>In der Flimmerkiste habe ich aber seit dem Tod des Taiz\u00e9 Gr\u00fcnders im Jahre 2005 schon lange keines mehr gesehen.<\/p>\n<p>Kurz darauf, ich sehe mir gerade die neueste Folge der neuen und viel versprechenden Serie &#8222;FlashForward&#8220; an, als ich pl\u00f6tzlich bekannte Hintergrundmusik h\u00f6re. Mehrmals in der Serie werden n\u00e4mlich die Ges\u00e4nge aus Taiz\u00e9 eingesetzt. Auch das habe ich niemals zuvor erlebt!<\/p>\n<p>Echt ein krasses Gef\u00fchl, wenn eine Art von Erinnerung, die in eine Ecke meines Lebens geh\u00f6rt pl\u00f6tzlich mit einer ganz anderen Sache in Verbindung gebracht wird. Mein Kopf stellt dann ganz sch\u00f6n komische Sachen an&#8230;<\/p>\n<p>Aber toll, wenn sch\u00f6ne Erinnerungen durch solche Ereignisse wieder an die Oberfl\u00e4che des Bewusstseins gesp\u00fclt werden.<\/p>\n","protected":false},"excerpt":{"rendered":"<p>Kennt jemand von euch Taiz\u00e9? Taiz\u00e9 selbst ist ein kleiner Ort in Frankreich im Burgund, 180 Einwohner. Aber in Taiz\u00e9 ist die Gemeinschaft von Taiz\u00e9, ein \u00f6kumenischer Orden, der Woche f\u00fcr Woche tausende Jugendliche anzieht.<\/p>\n","protected":false},"author":1,"featured_media":0,"comment_status":"open","ping_status":"open","sticky":false,"template":"","format":"standard","meta":{"footnotes":""},"categories":[16,17],"tags":[1008,1087,1119,1154,1176,1307,1832,1900,1993,2700,3166,3353,3413],"class_list":["post-1618","post","type-post","status-publish","format-standard","hentry","category-empfehlungen","category-erinnerungen-leben","tag-erinnerungen","tag-fernsehen","tag-flashforward","tag-frankreich","tag-frere-roger","tag-glauben","tag-kirche","tag-kreuz","tag-lena-meyer-landrut","tag-religion","tag-taize","tag-tv-serie","tag-unser-star-fur-oslo"],"_links":{"self":[{"href":"https:\/\/mokita.de\/blog\/wp-json\/wp\/v2\/posts\/1618","targetHints":{"allow":["GET"]}}],"collection":[{"href":"https:\/\/mokita.de\/blog\/wp-json\/wp\/v2\/posts"}],"about":[{"href":"https:\/\/mokita.de\/blog\/wp-json\/wp\/v2\/types\/post"}],"author":[{"embeddable":true,"href":"https:\/\/mokita.de\/blog\/wp-json\/wp\/v2\/users\/1"}],"replies":[{"embeddable":true,"href":"https:\/\/mokita.de\/blog\/wp-json\/wp\/v2\/comments?post=1618"}],"version-history":[{"count":0,"href":"https:\/\/mokita.de\/blog\/wp-json\/wp\/v2\/posts\/1618\/revisions"}],"wp:attachment":[{"href":"https:\/\/mokita.de\/blog\/wp-json\/wp\/v2\/media?parent=1618"}],"wp:term":[{"taxonomy":"category","embeddable":true,"href":"https:\/\/mokita.de\/blog\/wp-json\/wp\/v2\/categories?post=1618"},{"taxonomy":"post_tag","embeddable":true,"href":"https:\/\/mokita.de\/blog\/wp-json\/wp\/v2\/tags?post=1618"}],"curies":[{"name":"wp","href":"https:\/\/api.w.org\/{rel}","templated":true}]}}