{"id":1556,"date":"2010-03-05T20:30:27","date_gmt":"2010-03-05T19:30:27","guid":{"rendered":"http:\/\/www.mokita.de\/blog\/?p=1556"},"modified":"2010-03-05T20:30:27","modified_gmt":"2010-03-05T19:30:27","slug":"baume-im-marz-jahr-1","status":"publish","type":"post","link":"https:\/\/mokita.de\/blog\/2010\/03\/05\/baume-im-marz-jahr-1\/","title":{"rendered":"B\u00e4ume im M\u00e4rz \/ Jahr 1"},"content":{"rendered":"<p><img decoding=\"async\" class=\"aligncenter lazyload\" data-src=\"http:\/\/www.imagebanana.com\/img\/ex15nv70\/IMG00181201003031940.jpg\" alt=\"\" width=\"540\" height=\"405\" src=\"data:image\/svg+xml;base64,PHN2ZyB3aWR0aD0iMSIgaGVpZ2h0PSIxIiB4bWxucz0iaHR0cDovL3d3dy53My5vcmcvMjAwMC9zdmciPjwvc3ZnPg==\" style=\"--smush-placeholder-width: 540px; --smush-placeholder-aspect-ratio: 540\/405;\" \/><\/p>\n<p>Den letzten Baumbilder gab&#8217;s im <a href=\"http:\/\/www.mokita.de\/blog\/2009\/10\/13\/baume-im-oktober\/\" target=\"_blank\" rel=\"noopener\">Oktober<\/a>, ich hab&#8217;s ein bisschen schleifen lassen. Sorry. Die Sache ist: Irgendwie sind mir ein paar meiner Pflanzen imn den letzten Monaten gestorben, unter anderem die Steviapflanze und der Ginko-Baum. Letzterer hat zumindest die Bl\u00e4tter verloren und ich den Glauben an meinen Daumen.<\/p>\n<figure style=\"width: 325px\" class=\"wp-caption alignleft\"><a href=\"http:\/\/www.mokita.de\/blog\/2009\/03\/01\/pflanze-einen-baum\/\"><img decoding=\"async\" data-src=\"http:\/\/farm4.static.flickr.com\/3600\/3312086730_741b0d509d_o.jpg\" alt=\"M\u00e4rz 2009\" width=\"325\" height=\"244\" src=\"data:image\/svg+xml;base64,PHN2ZyB3aWR0aD0iMSIgaGVpZ2h0PSIxIiB4bWxucz0iaHR0cDovL3d3dy53My5vcmcvMjAwMC9zdmciPjwvc3ZnPg==\" class=\"lazyload\" style=\"--smush-placeholder-width: 325px; --smush-placeholder-aspect-ratio: 325\/244;\" \/><\/a><figcaption class=\"wp-caption-text\">M\u00e4rz 2009<\/figcaption><\/figure>\n<p>Irgendwie hab ich vergessen, dass es f\u00fcr manche Pflanzen ganz normal ist, im Winter die Bl\u00e4tter zu verlieren. Denn gestern beim gie\u00dfen sehe ich pl\u00f6tzlich, dass Ginko nicht so kaputt ist, wie ich dachte! Die neuen Bl\u00e4tter des neuen Jahres kommen! Rock and roll!<\/p>\n<p>Jetzt muss ich nur noch die Stevia reanimieren \ud83d\ude09<\/p>\n<p>Achja: Zumindest der Topf mit den Apfel\/Zitronen\/Orangenb\u00e4umen hat vor genau einem Jahr ihr erstes Bild bekommen. Wow!<\/p>\n","protected":false},"excerpt":{"rendered":"<p>Den letzten Baumbilder gab&#8217;s im Oktober, ich hab&#8217;s ein bisschen schleifen lassen. Sorry. Die Sache ist: Irgendwie sind mir ein paar meiner Pflanzen imn den letzten Monaten gestorben, unter anderem die Steviapflanze und der Ginko-Baum. Letzterer hat zumindest die Bl\u00e4tter verloren und ich den Glauben an meinen Daumen. Irgendwie hab ich vergessen, dass es f\u00fcr [&hellip;]<\/p>\n","protected":false},"author":1,"featured_media":0,"comment_status":"open","ping_status":"open","sticky":false,"template":"","format":"standard","meta":{"footnotes":""},"categories":[13],"tags":[244,344,1298,2026,3399],"class_list":["post-1556","post","type-post","status-publish","format-standard","hentry","category-baumpflanzen","tag-apfel","tag-baum","tag-ginko","tag-liebe","tag-umwelt"],"_links":{"self":[{"href":"https:\/\/mokita.de\/blog\/wp-json\/wp\/v2\/posts\/1556","targetHints":{"allow":["GET"]}}],"collection":[{"href":"https:\/\/mokita.de\/blog\/wp-json\/wp\/v2\/posts"}],"about":[{"href":"https:\/\/mokita.de\/blog\/wp-json\/wp\/v2\/types\/post"}],"author":[{"embeddable":true,"href":"https:\/\/mokita.de\/blog\/wp-json\/wp\/v2\/users\/1"}],"replies":[{"embeddable":true,"href":"https:\/\/mokita.de\/blog\/wp-json\/wp\/v2\/comments?post=1556"}],"version-history":[{"count":0,"href":"https:\/\/mokita.de\/blog\/wp-json\/wp\/v2\/posts\/1556\/revisions"}],"wp:attachment":[{"href":"https:\/\/mokita.de\/blog\/wp-json\/wp\/v2\/media?parent=1556"}],"wp:term":[{"taxonomy":"category","embeddable":true,"href":"https:\/\/mokita.de\/blog\/wp-json\/wp\/v2\/categories?post=1556"},{"taxonomy":"post_tag","embeddable":true,"href":"https:\/\/mokita.de\/blog\/wp-json\/wp\/v2\/tags?post=1556"}],"curies":[{"name":"wp","href":"https:\/\/api.w.org\/{rel}","templated":true}]}}